{"id":1464,"date":"2020-03-31T13:04:58","date_gmt":"2020-03-31T19:04:58","guid":{"rendered":"https:\/\/encuentroinformativo.com\/?p=1464"},"modified":"2020-03-31T13:05:00","modified_gmt":"2020-03-31T19:05:00","slug":"alista-pc-operativos-por-semana-santa","status":"publish","type":"post","link":"https:\/\/encuentroinformativo.com.mx\/?p=1464","title":{"rendered":"Alista PC operativos por Semana Santa"},"content":{"rendered":"\n<p><strong>Dar\u00edo Pale <\/strong><\/p>\n\n\n\n<p>Xalapa, Ver.- La titular de Protecci\u00f3n Civil de Veracruz (PC), Guadalupe Osorno Maldonado dio a conocer que ya tiene listo el operativo de Semana Santa por cualquier cosa que se pueda presentar no obstante hay muy poca gente en las playas incluso algunos municipios ya las cerraron.<\/p>\n\n\n\n<p>Entrevistada en las calles del centro de Xalapa se\u00f1al\u00f3 que est\u00e1n en los preparativos de Semana Santa para el cuidado de los vacacionistas tal como lo hacen a\u00f1o con a\u00f1o, pero pese a que est\u00e1 la prohibici\u00f3n no pueden bajar la guardia.<\/p>\n\n\n\n<p>Se\u00f1al\u00f3 que tienen que ver c\u00f3mo va evolucionando la visita, por lo que ya tienen \u00a0listo el operativo y solo est\u00e1n a la espera del monitoreo para ver si hay visitantes y si es necesario implementar el operativo al cien por ciento o reducirlo de alguna manera.<\/p>\n\n\n\n<p>Se\u00f1al\u00f3 que est\u00e1n tomando las medidas de sana distancia no s\u00f3lo en la manera que operan i no que tambi\u00e9n en apoyo con los regionales, con algunos directores o subdirectores municipales, a quienes se les ha exhortado a seguir las medidas preventivas que present\u00f3 el gobierno federal y estatal.<\/p>\n\n\n\n<p>Se\u00f1al\u00f3 que normalmente las playas m\u00e1s visitadas son el puerto de Veracruz, las costas tambi\u00e9n hay muchos visitantes en la zona norte, es donde m\u00e1s datos tiene de personas ahogadas como lo son Tuxpan, Tecolutla y Nautla, ya que est\u00e1n m\u00e1s cerca de la situadas de M\u00e9xico.<\/p>\n\n\n\n<p>No obstante algunos de estos municipios han cerrado sus playas, pero una cosa es la medida que se tome y otra es el comportamiento de los visitantes, por lo que est\u00e1n pendientes y continuar\u00e1n con los preparativos para los operativos y de ser necesario lo implementar\u00e1n.<\/p>\n\n\n\n<p>Se\u00f1al\u00f3 que ha bajado la actividad en todas las playas, pensaron que debido a la suspensi\u00f3n de clases y dem\u00e1s habr\u00eda m\u00e1s actividad pero afortunadamente las personas est\u00e1n tomando en serio su responsabilidad, al igual que los municipios donde los guarda vidas los invitan a salirse.<\/p>\n\n\n\n<p>Finalmente se\u00f1al\u00f3 que hay poca visita en las playas en estas fechas, por lo que no descart\u00f3 que se puedan implementar los operativos en algunos lugares pero eso depender\u00e1 del n\u00famero de visitantes, para lo cual ya est\u00e1n listos.<\/p>\n","protected":false},"excerpt":{"rendered":"<p>Dar\u00edo Pale Xalapa, Ver.- La titular de Protecci\u00f3n Civil de Veracruz (PC), Guadalupe Osorno Maldonado dio a conocer que ya tiene listo el operativo de Semana Santa por cualquier cosa que se pueda presentar no obstante hay muy poca gente en las playas incluso algunos municipios ya las cerraron. Entrevistada en las calles del centro [&hellip;]<\/p>\n","protected":false},"author":1,"featured_media":1465,"comment_status":"open","ping_status":"open","sticky":false,"template":"","format":"standard","meta":{"_jetpack_memberships_contains_paid_content":false,"footnotes":""},"categories":[2],"tags":[],"class_list":["post-1464","post","type-post","status-publish","format-standard","has-post-thumbnail","hentry","category-estado"],"jetpack_featured_media_url":"https:\/\/encuentroinformativo.com.mx\/wp-content\/uploads\/2020\/03\/C2E5BCD5-6347-459F-82D1-99626F2D64E7.jpeg","jetpack_sharing_enabled":true,"jetpack_likes_enabled":true,"amp_enabled":true,"_links":{"self":[{"href":"https:\/\/encuentroinformativo.com.mx\/index.php?rest_route=\/wp\/v2\/posts\/1464","targetHints":{"allow":["GET"]}}],"collection":[{"href":"https:\/\/encuentroinformativo.com.mx\/index.php?rest_route=\/wp\/v2\/posts"}],"about":[{"href":"https:\/\/encuentroinformativo.com.mx\/index.php?rest_route=\/wp\/v2\/types\/post"}],"author":[{"embeddable":true,"href":"https:\/\/encuentroinformativo.com.mx\/index.php?rest_route=\/wp\/v2\/users\/1"}],"replies":[{"embeddable":true,"href":"https:\/\/encuentroinformativo.com.mx\/index.php?rest_route=%2Fwp%2Fv2%2Fcomments&post=1464"}],"version-history":[{"count":1,"href":"https:\/\/encuentroinformativo.com.mx\/index.php?rest_route=\/wp\/v2\/posts\/1464\/revisions"}],"predecessor-version":[{"id":1466,"href":"https:\/\/encuentroinformativo.com.mx\/index.php?rest_route=\/wp\/v2\/posts\/1464\/revisions\/1466"}],"wp:featuredmedia":[{"embeddable":true,"href":"https:\/\/encuentroinformativo.com.mx\/index.php?rest_route=\/wp\/v2\/media\/1465"}],"wp:attachment":[{"href":"https:\/\/encuentroinformativo.com.mx\/index.php?rest_route=%2Fwp%2Fv2%2Fmedia&parent=1464"}],"wp:term":[{"taxonomy":"category","embeddable":true,"href":"https:\/\/encuentroinformativo.com.mx\/index.php?rest_route=%2Fwp%2Fv2%2Fcategories&post=1464"},{"taxonomy":"post_tag","embeddable":true,"href":"https:\/\/encuentroinformativo.com.mx\/index.php?rest_route=%2Fwp%2Fv2%2Ftags&post=1464"}],"curies":[{"name":"wp","href":"https:\/\/api.w.org\/{rel}","templated":true}]}}