{"id":14640,"date":"2021-05-29T16:56:38","date_gmt":"2021-05-29T21:56:38","guid":{"rendered":"https:\/\/encuentroinformativo.com.mx\/?p=14640"},"modified":"2021-05-29T16:56:43","modified_gmt":"2021-05-29T21:56:43","slug":"el-karma-de-cascarita","status":"publish","type":"post","link":"https:\/\/encuentroinformativo.com.mx\/?p=14640","title":{"rendered":"EL KARMA DE CASCARITA"},"content":{"rendered":"\n<p><strong>@pablojair<\/strong><\/p>\n\n\n\n<p>Perritos en fuga\u2026 Pr\u00f3ximamente<br>&#8211;Chopenjawer<\/p>\n\n\n\n<p>Cuando el r\u00edo suena, agua lleva.<\/p>\n\n\n\n<p>Lo anterior viene como anillo al dedo en el tema pol\u00edtico-electoral de Veracruz y del pa\u00eds en general, al ventilarse en medios de comunicaci\u00f3n de circulaci\u00f3n nacional que la 4T viene con todo en respuesta a la embestida emprendida por los grandes empresarios de M\u00e9xico para impedir que el presidente L\u00f3pez Obrador obtenga mayor\u00eda en el Congreso en la elecci\u00f3n del pr\u00f3ximo 6 de junio.<\/p>\n\n\n\n<p>Para nadie es un secreto que las medidas dispuestas por el Ejecutivo no han sido bien vistas por la c\u00fapula empresarial cuyos integrantes vieron mermados los privilegios fiscales y muchas cosas m\u00e1s de los que alevosamente gozaron por muchos sexenios\u2026 Si no me creen, preg\u00fantenle a Miguel Alem\u00e1n cu\u00e1ntos a\u00f1os ten\u00eda sin pagar impuestos de Interjet.<\/p>\n\n\n\n<p>Un ejemplo del activismo fif\u00ed contra la 4T precisamente por la p\u00e9rdida de privilegios y la b\u00fasqueda de reactivaci\u00f3n de los mismos, es la que realiza la Confederaci\u00f3n Patronal de la Rep\u00fablica Mexicana (Coparmex).<\/p>\n\n\n\n<p>Es sabido que magnates como Gustavo de Hoyos, Claudio X. Gonz\u00e1lez Laporte y Jos\u00e9 Antonio Fern\u00e1ndez Carbajal, entre otros, han emprendido una cruzada AntiMorena y promoviendo a cientos de empresarios como candidatos a cargos de elecci\u00f3n popular, los cuales reciben millonarios recursos para sus campa\u00f1as con el \u00fanico fin de bloquear los triunfos de los abanderados de Morena y sus partidos aliados.<\/p>\n\n\n\n<p>Y Veracruz, por supuesto, no escapa de vivir tal situaci\u00f3n, en donde la Coparmex de Alberto Aja Cantero pregona el discurso de la mentira &#8211;de inclusi\u00f3n y apartidismo pol\u00edtico&#8211; pues en la pr\u00e1ctica impulsa y defiende a los candidatos del PAN, mientras que a los de Morena los censura y ataca, como sucedi\u00f3 recientemente con Ricardo Exsome Zapata, a quien le cerr\u00f3 las puertas de la organizaci\u00f3n en un foro al que fue convocado previamente el candidato de Morena.<\/p>\n\n\n\n<p>La reprobable acci\u00f3n fue incluso criticada por Jorge Coffau Kayser, empresario y ex presidente de dicha organizaci\u00f3n,<\/p>\n\n\n\n<p>&#8220;La instituci\u00f3n no puede prestarse a esta clase de incidentes, la instituci\u00f3n est\u00e1 m\u00e1s arriba de esto, yo creo que esta clase de actos lo \u00fanico que genera es pol\u00e9mica, pues algunos agremiados tambi\u00e9n quieren debatir con los candidatos y sus propuestas&#8221;, declar\u00f3.<\/p>\n\n\n\n<p>&#8220;En pro de la democracia hacemos ejercicios para que los candidatos expongan sus ideas, a debatir con ellos, y de esta manera sabemos cu\u00e1les son sus ideas y expresamos lo que requiere el sector empresarial para seguir funcionando y de esta manera entablamos di\u00e1logos\u2026 Yo respeto la decisi\u00f3n del presidente, a cada presidente se le debe respetar su actuar, sin embargo, no se debe coartar la libertad de expresi\u00f3n a ninguna persona, ni partido pol\u00edtico como lo hicieron con el Ing. Ricardo Exsome&#8221;, puntualiz\u00f3.<\/p>\n\n\n\n<p>En este escenario de polarizaci\u00f3n electoral, el influyente peri\u00f3dico nacional El Financiero, public\u00f3 una columna del analista Dar\u00edo Celis, en el cual revela la intrincada red tejida por la Coparmex y sus c\u00e1maras aliadas para descarrillar el proyecto morenista, pero tambi\u00e9n refiere un dato que dar\u00e1 mucho, much\u00edsimo, de qu\u00e9 hablar en Veracruz: la inminente detenci\u00f3n del jerarca mayor del clan Yunes, Miguel \u00c1ngel Yunes Linares (aka &#8220;Gober Cascarita&#8221;).<\/p>\n\n\n\n<p>&#8220;NO ES REMOTO que la pr\u00f3xima semana el Gobierno de la 4T lance un misil pol\u00edtico con efecto electoral. Hablamos de la judicializaci\u00f3n de unas cuatro carpetas de investigaci\u00f3n contra la familia Yunes. De hecho a principios de semana lleg\u00f3 a Palacio Nacional un mensaje del exgobernador de Veracruz y exdirector del ISSSTE, Miguel \u00c1ngel Yunes Linares, pidiendo clemencia. \u201cConmigo lo que quieran, pero por favor no se metan ni con mis hijos ni con mi esposa\u201d, fue el mensaje para Andr\u00e9s Manuel L\u00f3pez Obrador. Sin embargo, se sabe que la Fiscal\u00eda General de la Rep\u00fablica de Alejandro Gertz Manero ya tiene armados expedientes contra Yunes Linares y sus hijos Miguel \u00c1ngel y Fernando. El abogado penalista de toda la familia es Jos\u00e9 Luis Nassar Daw, litigante que tampoco es bien visto por el Gobierno de la 4T&#8221;, es lo que se lee en la columna.<\/p>\n\n\n\n<p>La frase &#8220;Ni perd\u00f3n ni olvido&#8221; utilizada por Yunes Linares al inicio de su minigobierno (2016-2018), para encarcelar a Javier Duarte, parece que tendr\u00e1 un efecto de karma.<\/p>\n\n\n\n<p>Y en pol\u00edtica a la mexicana el karma es c\u00e1rcel.<\/p>\n","protected":false},"excerpt":{"rendered":"<p>@pablojair Perritos en fuga\u2026 Pr\u00f3ximamente&#8211;Chopenjawer Cuando el r\u00edo suena, agua lleva. Lo anterior viene como anillo al dedo en el tema pol\u00edtico-electoral de Veracruz y del pa\u00eds en general, al ventilarse en medios de comunicaci\u00f3n de circulaci\u00f3n nacional que la 4T viene con todo en respuesta a la embestida emprendida por los grandes empresarios de [&hellip;]<\/p>\n","protected":false},"author":1,"featured_media":488,"comment_status":"open","ping_status":"open","sticky":false,"template":"","format":"standard","meta":{"_jetpack_memberships_contains_paid_content":false,"footnotes":""},"categories":[11],"tags":[],"class_list":["post-14640","post","type-post","status-publish","format-standard","has-post-thumbnail","hentry","category-opinion"],"jetpack_featured_media_url":"https:\/\/encuentroinformativo.com.mx\/wp-content\/uploads\/2020\/03\/F471F608-BA1A-416B-BA7B-BCFB24F4E6D0.jpeg","jetpack_sharing_enabled":true,"jetpack_likes_enabled":true,"amp_enabled":true,"_links":{"self":[{"href":"https:\/\/encuentroinformativo.com.mx\/index.php?rest_route=\/wp\/v2\/posts\/14640","targetHints":{"allow":["GET"]}}],"collection":[{"href":"https:\/\/encuentroinformativo.com.mx\/index.php?rest_route=\/wp\/v2\/posts"}],"about":[{"href":"https:\/\/encuentroinformativo.com.mx\/index.php?rest_route=\/wp\/v2\/types\/post"}],"author":[{"embeddable":true,"href":"https:\/\/encuentroinformativo.com.mx\/index.php?rest_route=\/wp\/v2\/users\/1"}],"replies":[{"embeddable":true,"href":"https:\/\/encuentroinformativo.com.mx\/index.php?rest_route=%2Fwp%2Fv2%2Fcomments&post=14640"}],"version-history":[{"count":1,"href":"https:\/\/encuentroinformativo.com.mx\/index.php?rest_route=\/wp\/v2\/posts\/14640\/revisions"}],"predecessor-version":[{"id":14641,"href":"https:\/\/encuentroinformativo.com.mx\/index.php?rest_route=\/wp\/v2\/posts\/14640\/revisions\/14641"}],"wp:featuredmedia":[{"embeddable":true,"href":"https:\/\/encuentroinformativo.com.mx\/index.php?rest_route=\/wp\/v2\/media\/488"}],"wp:attachment":[{"href":"https:\/\/encuentroinformativo.com.mx\/index.php?rest_route=%2Fwp%2Fv2%2Fmedia&parent=14640"}],"wp:term":[{"taxonomy":"category","embeddable":true,"href":"https:\/\/encuentroinformativo.com.mx\/index.php?rest_route=%2Fwp%2Fv2%2Fcategories&post=14640"},{"taxonomy":"post_tag","embeddable":true,"href":"https:\/\/encuentroinformativo.com.mx\/index.php?rest_route=%2Fwp%2Fv2%2Ftags&post=14640"}],"curies":[{"name":"wp","href":"https:\/\/api.w.org\/{rel}","templated":true}]}}