{"id":14648,"date":"2021-05-30T16:02:47","date_gmt":"2021-05-30T21:02:47","guid":{"rendered":"https:\/\/encuentroinformativo.com.mx\/?p=14648"},"modified":"2021-05-30T16:02:51","modified_gmt":"2021-05-30T21:02:51","slug":"aplazan-deslinde-de-predio-jinicuil-en-coatepec","status":"publish","type":"post","link":"https:\/\/encuentroinformativo.com.mx\/?p=14648","title":{"rendered":"Aplazan deslinde de predio Jinicuil  en Coatepec"},"content":{"rendered":"\n<p><strong>Juan Arcos <\/strong><\/p>\n\n\n\n<p>Coatepec, Ver.- El gobierno federal aplaz\u00f3 el deslinde que estaba programado para el 3 de junio en el predio \u201cJinicuil Manso\u201d, ubicado en la zona boscosa del municipio de Coatepec, mismo que fue invadido desde el 21 de julio de 2019.<\/p>\n\n\n\n<p>La Secretar\u00eda de Desarrollo Agrario, Territorial y Urbano (Sedatu) emiti\u00f3 una cancelaci\u00f3n temporal del deslinde, el cual beneficiar\u00eda a los invasores, quienes forman parte de la Central Independiente de Obreros y Campesinos de Coatepec (CIOAC).<\/p>\n\n\n\n<p>Decenas de personas protestaron sobre el parque \u201cMiguel Hidalgo y Costilla\u201d, frente al Palacio Municipal de Coatepec, para exigir que dicha situaci\u00f3n sea definitiva, para garantizar la conservaci\u00f3n del bosque y el agua.<\/p>\n\n\n\n<p>De acuerdo con Ari Brickman, uno de los leg\u00edtimos propietarios afectados, la cancelaci\u00f3n temporal del deslinde se logr\u00f3 gracias a la presi\u00f3n que efectuaron los due\u00f1os de los predios en medios de comunicaci\u00f3n.<\/p>\n\n\n\n<p>\u201cPor lo pronto, la Sedatu envi\u00f3 una cancelaci\u00f3n temporal de ese deslinde, no se va a hacer este 3 de junio, se llevar\u00e1 a cabo, seg\u00fan ellos, en cuanto un juez de distrito les otorgue un actuario judicial, cosa que para nuestros abogados es completamente irrisible, es algo que no es posible ante una suspensi\u00f3n definitiva\u201d.<\/p>\n\n\n\n<p>Cabe recordar que la Sedatu pretende realizar el deslinde, violentando la suspensi\u00f3n definitiva con el n\u00famero de expediente 373\/2020 y con fecha del 17 de mayo de 2021, publicada al d\u00eda siguiente, el 18 de mayo.<\/p>\n\n\n\n<p>\u201cPor eso el d\u00eda de hoy muchos de los propietarios, mucha gente de Coatepec y zonas aleda\u00f1as se est\u00e1n juntando (en el parque de Coatepec\u201d, expres\u00f3 Ari Brickman.<\/p>\n\n\n\n<p>El afectado record\u00f3 que el entorno ecol\u00f3gico est\u00e1 en peligro por la presencia de sujetos que han amenazado de muerte a los leg\u00edtimos propietarios para apoderarse de las tierras.<\/p>\n\n\n\n<p>En ese sentido, destac\u00f3 que los propietarios de los predios continuar\u00e1n manifest\u00e1ndose en la regi\u00f3n capital del estado de Veracruz hasta que los invasores sean desalojados de sus terrenos.<\/p>\n\n\n\n<figure class=\"wp-block-image size-large\"><img loading=\"lazy\" decoding=\"async\" width=\"1024\" height=\"768\" src=\"https:\/\/encuentroinformativo.com.mx\/wp-content\/uploads\/2021\/05\/CCAE4731-3895-451F-B8CC-3254B27FF8F7-1024x768.jpeg\" alt=\"\" class=\"wp-image-14650\" srcset=\"https:\/\/encuentroinformativo.com.mx\/wp-content\/uploads\/2021\/05\/CCAE4731-3895-451F-B8CC-3254B27FF8F7-1024x768.jpeg 1024w, https:\/\/encuentroinformativo.com.mx\/wp-content\/uploads\/2021\/05\/CCAE4731-3895-451F-B8CC-3254B27FF8F7-300x225.jpeg 300w, https:\/\/encuentroinformativo.com.mx\/wp-content\/uploads\/2021\/05\/CCAE4731-3895-451F-B8CC-3254B27FF8F7-768x576.jpeg 768w, https:\/\/encuentroinformativo.com.mx\/wp-content\/uploads\/2021\/05\/CCAE4731-3895-451F-B8CC-3254B27FF8F7-1536x1152.jpeg 1536w, https:\/\/encuentroinformativo.com.mx\/wp-content\/uploads\/2021\/05\/CCAE4731-3895-451F-B8CC-3254B27FF8F7.jpeg 1600w\" sizes=\"auto, (max-width: 1024px) 100vw, 1024px\" \/><\/figure>\n","protected":false},"excerpt":{"rendered":"<p>Juan Arcos Coatepec, Ver.- El gobierno federal aplaz\u00f3 el deslinde que estaba programado para el 3 de junio en el predio \u201cJinicuil Manso\u201d, ubicado en la zona boscosa del municipio de Coatepec, mismo que fue invadido desde el 21 de julio de 2019. La Secretar\u00eda de Desarrollo Agrario, Territorial y Urbano (Sedatu) emiti\u00f3 una cancelaci\u00f3n [&hellip;]<\/p>\n","protected":false},"author":1,"featured_media":14649,"comment_status":"open","ping_status":"open","sticky":false,"template":"","format":"standard","meta":{"_jetpack_memberships_contains_paid_content":false,"footnotes":""},"categories":[8],"tags":[],"class_list":["post-14648","post","type-post","status-publish","format-standard","has-post-thumbnail","hentry","category-region"],"jetpack_featured_media_url":"https:\/\/encuentroinformativo.com.mx\/wp-content\/uploads\/2021\/05\/EB0A5F7E-BD12-43C9-A05B-FC0D9584F4D3.jpeg","jetpack_sharing_enabled":true,"jetpack_likes_enabled":true,"amp_enabled":true,"_links":{"self":[{"href":"https:\/\/encuentroinformativo.com.mx\/index.php?rest_route=\/wp\/v2\/posts\/14648","targetHints":{"allow":["GET"]}}],"collection":[{"href":"https:\/\/encuentroinformativo.com.mx\/index.php?rest_route=\/wp\/v2\/posts"}],"about":[{"href":"https:\/\/encuentroinformativo.com.mx\/index.php?rest_route=\/wp\/v2\/types\/post"}],"author":[{"embeddable":true,"href":"https:\/\/encuentroinformativo.com.mx\/index.php?rest_route=\/wp\/v2\/users\/1"}],"replies":[{"embeddable":true,"href":"https:\/\/encuentroinformativo.com.mx\/index.php?rest_route=%2Fwp%2Fv2%2Fcomments&post=14648"}],"version-history":[{"count":1,"href":"https:\/\/encuentroinformativo.com.mx\/index.php?rest_route=\/wp\/v2\/posts\/14648\/revisions"}],"predecessor-version":[{"id":14651,"href":"https:\/\/encuentroinformativo.com.mx\/index.php?rest_route=\/wp\/v2\/posts\/14648\/revisions\/14651"}],"wp:featuredmedia":[{"embeddable":true,"href":"https:\/\/encuentroinformativo.com.mx\/index.php?rest_route=\/wp\/v2\/media\/14649"}],"wp:attachment":[{"href":"https:\/\/encuentroinformativo.com.mx\/index.php?rest_route=%2Fwp%2Fv2%2Fmedia&parent=14648"}],"wp:term":[{"taxonomy":"category","embeddable":true,"href":"https:\/\/encuentroinformativo.com.mx\/index.php?rest_route=%2Fwp%2Fv2%2Fcategories&post=14648"},{"taxonomy":"post_tag","embeddable":true,"href":"https:\/\/encuentroinformativo.com.mx\/index.php?rest_route=%2Fwp%2Fv2%2Ftags&post=14648"}],"curies":[{"name":"wp","href":"https:\/\/api.w.org\/{rel}","templated":true}]}}