{"id":14658,"date":"2021-05-31T09:14:33","date_gmt":"2021-05-31T14:14:33","guid":{"rendered":"https:\/\/encuentroinformativo.com.mx\/?p=14658"},"modified":"2021-05-31T09:14:37","modified_gmt":"2021-05-31T14:14:37","slug":"debates-y-santiago-tuxtla","status":"publish","type":"post","link":"https:\/\/encuentroinformativo.com.mx\/?p=14658","title":{"rendered":"Debates y Santiago Tuxtla"},"content":{"rendered":"\n<p><strong>Los Pol\u00edticos<\/strong><\/p>\n\n\n\n<p><strong>Salvador Mu\u00f1oz<\/strong><\/p>\n\n\n\n<p>Estrategia\u2026 al final es estrategia el hecho de que un candidato a cualquiera de los cargos en disputa en nuestra entidad, no acuda a participar en un debate.<\/p>\n\n\n\n<p>El contrincante, el que s\u00ed va, el que da la cara, le puede decir miedo y del otro lado, precauci\u00f3n, pero se resume en estrategia porque saben los \u201ccoachs\u201d del candidato o candidata \u201ccobarde\u201d que si van, estar\u00e1n expuestos a todo, a la falta de argumentos, de ideas, de propuestas y de eso, muchos reeleccionistas nos convidaron tanto; aunque la ausencia en el debate no es exclusiva de ellos.<\/p>\n\n\n\n<p>El debate de cierto modo, es la gran oportunidad de los ciudadanos de pasar al ruidoso \u201cjingle\u201d de todos los candidatos, a o\u00edrlos en serio, con ideas resumidas en segundos pero tambi\u00e9n de conocerlos, ver sus rostros tan diferentes a los de los espectaculares, a las de las mantas, a los de las redes\u2026 \u00a1bendito photoshop! \u00a1benditos filtros!<\/p>\n\n\n\n<p>Salvo su mejor opini\u00f3n, quiz\u00e1s por la pandemia, quiz\u00e1s por la crisis econ\u00f3mica que atraviesan muchas familias en estos momentos, quiz\u00e1s por la falta de ideas, quiz\u00e1s por las ocurrencias, es que los debates no generaron tanta expectaci\u00f3n en el ciudadano como en otras ocasiones\u2026<\/p>\n\n\n\n<p>Esa falta de motivaci\u00f3n en torno a los debates da lugar a una zozobra que no es nueva y que formulo en pregunta: \u00bfser\u00e1 que el ciudadano prefiere el debate en las redes sociales porque all\u00e1 no hay reglas tan estrictas, y se da pie a la descalificaci\u00f3n, a la mentira, a la falacia, al insulto por encima del argumento?<\/p>\n\n\n\n<p>En Santiago Tuxtla bien podemos hablar de las ventajas y las desventajas de quienes participaron y no en el debate convocado por el OPLE; entre los candidatos a diputado local.<\/p>\n\n\n\n<p>De los 10 aspirantes a una curul en ese distrito, al principio, s\u00f3lo cuatro fueron los que aceptaron darle la cara al ciudadano. A la mera hora, \u00a1se rajaron dos, la de Veracruz Va, Miriam del Roc\u00edo M\u00e9ndez Gamboa; y el de Movimiento Ciudadano, Carlos Flores Calder\u00f3n. S\u00f3lo acudieron la candidata de Podemos, Esmeralda Lil\u00ed L\u00f3pez, y el de Fuerza por M\u00e9xico, Vicente Luna Hern\u00e1ndez.<\/p>\n\n\n\n<p>Repito: De 10 interesados en ser voz de los vecinos de Santiago Tuxtla, s\u00f3lo dos dieron la cara.<\/p>\n\n\n\n<p>Ubicados en el contexto geopol\u00edtico de este debate, hay que tomar en cuenta una cosa: los vecinos de este distrito quieren conocer a sus candidatos, ver qu\u00e9 dicen o en un momento, hasta con qu\u00e9 pendejadas salen. Ac\u00e1 no fue el caso.<\/p>\n\n\n\n<p>La percepci\u00f3n al final del debate entre dos, dej\u00f3 mejor posicionado a Vicente Luna, y no porque haya sido mala Lil\u00ed\u2026 a fuerza de ser sinceros, Luna tiene a\u00f1os en estos ejercicios pol\u00edticos; se las sabe de todas, todas; y conoce el distrito no s\u00f3lo en su territorio, sino tambi\u00e9n en sus necesidades.<\/p>\n\n\n\n<p>En Santiago Tuxtla ya ubican a Vicente como opci\u00f3n, como voto \u00fatil para oxigenar a los cuadros pol\u00edticos del distrito<\/p>\n\n\n\n<p>Por cierto, circula en Santiago una encuesta que pone en primer lugar a Liliana Castro Mu\u00f1oz, representante de Morena. En el distrito bromean esa posici\u00f3n diciendo que \u00a1c\u00f3mo no! si es la cuarta vez que la ponen de candidata: En 2015, a la federal; 2017, a regidora primera; 2018, diputada local y 2021, vuelve a repetir\u2026 el resultado, ya lo conocen los santiaguenses&#8230;<\/p>\n\n\n\n<p>Tambi\u00e9n es cierto que entre las mismas militantes de Morena hay enfado, molestia, porque el padrino pol\u00edtico de Liliana Castro, Manuel Huerta, de un plumazo, borra en cuatro procesos electorales, la oportunidad para cualquier otra militante del distrito de Santiago Tuxtla. Ojo, porque baste echar un ojo, y por eso se entiende que en este distrito ning\u00fan municipio gobierne Morena.<\/p>\n\n\n\n<p>Como sea\u2026 con tanta experiencia en procesos electorales, se extra\u00f1a que Liliana Castro no se haya aventado a echar un round de argumentos, de propuestas, de ideas en un debate.<\/p>\n\n\n\n<p><a href=\"mailto:smcainito@gmail.com\" target=\"_blank\" rel=\"noreferrer noopener\">smcainito@gmail.com<\/a><\/p>\n","protected":false},"excerpt":{"rendered":"<p>Los Pol\u00edticos Salvador Mu\u00f1oz Estrategia\u2026 al final es estrategia el hecho de que un candidato a cualquiera de los cargos en disputa en nuestra entidad, no acuda a participar en un debate. El contrincante, el que s\u00ed va, el que da la cara, le puede decir miedo y del otro lado, precauci\u00f3n, pero se resume [&hellip;]<\/p>\n","protected":false},"author":1,"featured_media":70,"comment_status":"open","ping_status":"open","sticky":false,"template":"","format":"standard","meta":{"_jetpack_memberships_contains_paid_content":false,"footnotes":""},"categories":[11],"tags":[],"class_list":["post-14658","post","type-post","status-publish","format-standard","has-post-thumbnail","hentry","category-opinion"],"jetpack_featured_media_url":"https:\/\/encuentroinformativo.com.mx\/wp-content\/uploads\/2020\/02\/opinion-invitado.jpg","jetpack_sharing_enabled":true,"jetpack_likes_enabled":true,"amp_enabled":true,"_links":{"self":[{"href":"https:\/\/encuentroinformativo.com.mx\/index.php?rest_route=\/wp\/v2\/posts\/14658","targetHints":{"allow":["GET"]}}],"collection":[{"href":"https:\/\/encuentroinformativo.com.mx\/index.php?rest_route=\/wp\/v2\/posts"}],"about":[{"href":"https:\/\/encuentroinformativo.com.mx\/index.php?rest_route=\/wp\/v2\/types\/post"}],"author":[{"embeddable":true,"href":"https:\/\/encuentroinformativo.com.mx\/index.php?rest_route=\/wp\/v2\/users\/1"}],"replies":[{"embeddable":true,"href":"https:\/\/encuentroinformativo.com.mx\/index.php?rest_route=%2Fwp%2Fv2%2Fcomments&post=14658"}],"version-history":[{"count":1,"href":"https:\/\/encuentroinformativo.com.mx\/index.php?rest_route=\/wp\/v2\/posts\/14658\/revisions"}],"predecessor-version":[{"id":14659,"href":"https:\/\/encuentroinformativo.com.mx\/index.php?rest_route=\/wp\/v2\/posts\/14658\/revisions\/14659"}],"wp:featuredmedia":[{"embeddable":true,"href":"https:\/\/encuentroinformativo.com.mx\/index.php?rest_route=\/wp\/v2\/media\/70"}],"wp:attachment":[{"href":"https:\/\/encuentroinformativo.com.mx\/index.php?rest_route=%2Fwp%2Fv2%2Fmedia&parent=14658"}],"wp:term":[{"taxonomy":"category","embeddable":true,"href":"https:\/\/encuentroinformativo.com.mx\/index.php?rest_route=%2Fwp%2Fv2%2Fcategories&post=14658"},{"taxonomy":"post_tag","embeddable":true,"href":"https:\/\/encuentroinformativo.com.mx\/index.php?rest_route=%2Fwp%2Fv2%2Ftags&post=14658"}],"curies":[{"name":"wp","href":"https:\/\/api.w.org\/{rel}","templated":true}]}}