{"id":14668,"date":"2021-05-31T11:09:07","date_gmt":"2021-05-31T16:09:07","guid":{"rendered":"https:\/\/encuentroinformativo.com.mx\/?p=14668"},"modified":"2021-05-31T11:09:11","modified_gmt":"2021-05-31T16:09:11","slug":"realizo-unanue-marcha-en-boca","status":"publish","type":"post","link":"https:\/\/encuentroinformativo.com.mx\/?p=14668","title":{"rendered":"Realiz\u00f3 Unanue marcha en Boca"},"content":{"rendered":"\n<p><strong>Alejandro \u00c1vila<\/strong><\/p>\n\n\n\n<p>Boca del R\u00edo, Ver. \u2013 Cerca de 10 mil boque\u00f1os se congregaron este domingo por la tarde en la colonia Fernando Guti\u00e9rrez Barrios para caminar junto a Juan Manuel Unanue Abascal, candidato del PAN a la alcald\u00eda de Boca del R\u00edo.<\/p>\n\n\n\n<p>Todos vestidos de blanco y azul marcharon por las principales calles de la zona en lo que parec\u00eda un autentico carnaval, la algarab\u00eda, el baile y los gritos a favor del panista enmarcaron casi una hora de recorrido.<\/p>\n\n\n\n<p>Unanue Abascal se dijo seguro de tener el respaldo de la gente de Boca del R\u00edo, toda vez que durante un mes en sus recorridos y reuniones as\u00ed se lo han externado, incluso la gente que parec\u00eda tener otra ideolog\u00eda pol\u00edtica, ahora se ha sumado a su proyecto.<\/p>\n\n\n\n<p>&#8220;Lo s\u00e9 porque he recorrido cada una de las colonias de Boca del R\u00edo y en todas, la gente me ha refrendado su apoyo porque quiere un gobierno cercano, un gobierno sensible a las necesidades de las personas&#8221;, dijo.<\/p>\n\n\n\n<p>Un\u00e1nue se comprometi\u00f3 con toda la gente de Boca del R\u00edo a que desde el uno de enero del 2022 va a conformar un gobierno que siga mejorando la infraestructura de la ciudad pero que ponga especial atenci\u00f3n en mejorar la vida de las personas.<\/p>\n\n\n\n<p>&#8220;Me comprometo a trabajar todos los d\u00edas para que todos los boque\u00f1os disfruten de los beneficios de vivir en la ciudad m\u00e1s moderna del estado&#8221;, subray\u00f3.<\/p>\n\n\n\n<p>Finalmente, reconoci\u00f3 que una de las solicitudes m\u00e1s comunes durante este mes de campa\u00f1a, fue mejorar el servicio que ofrece la Compa\u00f1\u00eda de Agua de Boca del R\u00edo (CAB), adem\u00e1s de regular las tarifas, las cuales algunos, consideran muy elevadas.<\/p>\n\n\n\n<p>\u201cGarantizaremos que todos tengan el mejor servicio de agua potable. No permitiremos mala calidad, ni cortes ni desabasto. Tampoco abusos en las tarifas\u201d, culmin\u00f3.<\/p>\n\n\n\n<p>El candidato del PAN manifest\u00f3 que tiene la experiencia, el conocimiento y la capacidad para hacerlo posible.<\/p>\n\n\n\n<p>&#8220;El pr\u00f3ximo domingo 6 de junio arrasaremos en las elecciones y juntos seguiremos haciendo mucho por la ciudad, pero m\u00e1s la gente\u201d.<\/p>\n","protected":false},"excerpt":{"rendered":"<p>Alejandro \u00c1vila Boca del R\u00edo, Ver. \u2013 Cerca de 10 mil boque\u00f1os se congregaron este domingo por la tarde en la colonia Fernando Guti\u00e9rrez Barrios para caminar junto a Juan Manuel Unanue Abascal, candidato del PAN a la alcald\u00eda de Boca del R\u00edo. Todos vestidos de blanco y azul marcharon por las principales calles de [&hellip;]<\/p>\n","protected":false},"author":1,"featured_media":14669,"comment_status":"open","ping_status":"open","sticky":false,"template":"","format":"standard","meta":{"_jetpack_memberships_contains_paid_content":false,"footnotes":""},"categories":[2],"tags":[],"class_list":["post-14668","post","type-post","status-publish","format-standard","has-post-thumbnail","hentry","category-estado"],"jetpack_featured_media_url":"https:\/\/encuentroinformativo.com.mx\/wp-content\/uploads\/2021\/05\/8165978F-4E92-4866-8CA1-2BDEDD13E620.jpeg","jetpack_sharing_enabled":true,"jetpack_likes_enabled":true,"amp_enabled":true,"_links":{"self":[{"href":"https:\/\/encuentroinformativo.com.mx\/index.php?rest_route=\/wp\/v2\/posts\/14668","targetHints":{"allow":["GET"]}}],"collection":[{"href":"https:\/\/encuentroinformativo.com.mx\/index.php?rest_route=\/wp\/v2\/posts"}],"about":[{"href":"https:\/\/encuentroinformativo.com.mx\/index.php?rest_route=\/wp\/v2\/types\/post"}],"author":[{"embeddable":true,"href":"https:\/\/encuentroinformativo.com.mx\/index.php?rest_route=\/wp\/v2\/users\/1"}],"replies":[{"embeddable":true,"href":"https:\/\/encuentroinformativo.com.mx\/index.php?rest_route=%2Fwp%2Fv2%2Fcomments&post=14668"}],"version-history":[{"count":1,"href":"https:\/\/encuentroinformativo.com.mx\/index.php?rest_route=\/wp\/v2\/posts\/14668\/revisions"}],"predecessor-version":[{"id":14670,"href":"https:\/\/encuentroinformativo.com.mx\/index.php?rest_route=\/wp\/v2\/posts\/14668\/revisions\/14670"}],"wp:featuredmedia":[{"embeddable":true,"href":"https:\/\/encuentroinformativo.com.mx\/index.php?rest_route=\/wp\/v2\/media\/14669"}],"wp:attachment":[{"href":"https:\/\/encuentroinformativo.com.mx\/index.php?rest_route=%2Fwp%2Fv2%2Fmedia&parent=14668"}],"wp:term":[{"taxonomy":"category","embeddable":true,"href":"https:\/\/encuentroinformativo.com.mx\/index.php?rest_route=%2Fwp%2Fv2%2Fcategories&post=14668"},{"taxonomy":"post_tag","embeddable":true,"href":"https:\/\/encuentroinformativo.com.mx\/index.php?rest_route=%2Fwp%2Fv2%2Ftags&post=14668"}],"curies":[{"name":"wp","href":"https:\/\/api.w.org\/{rel}","templated":true}]}}