{"id":14676,"date":"2021-05-31T11:50:25","date_gmt":"2021-05-31T16:50:25","guid":{"rendered":"https:\/\/encuentroinformativo.com.mx\/?p=14676"},"modified":"2021-05-31T11:50:29","modified_gmt":"2021-05-31T16:50:29","slug":"por-caso-nanchital-ahora-bloquean-calles-en-xalapa-autoridades-siguen-sin-atenderlos","status":"publish","type":"post","link":"https:\/\/encuentroinformativo.com.mx\/?p=14676","title":{"rendered":"Por caso Nanchital, ahora bloquean calles en Xalapa; autoridades siguen sin atenderlos"},"content":{"rendered":"\n<p><strong>Dar\u00edo Pale<\/strong><\/p>\n\n\n\n<p>Xalapa, Ver.- Por tercera ocasi\u00f3n familiares de los 11 detenidos en la localidad Cerro de Nanchital, en el municipio de Las Choapas, se manifestaron y cerraron la calle de Enr\u00edquez para solicitar que el gobernador Cuitl\u00e1huac Garc\u00eda Jim\u00e9nez los atienda.<\/p>\n\n\n\n<p>Entrevistada durante la manifestaci\u00f3n Ana Laura Reyes dio a conocer que, &#8220;las familias siguen insistiendo al Gobernador que les de esa atenci\u00f3n. Es parte de la funci\u00f3n que debe prestarles a los ciudadanos&#8221;.<\/p>\n\n\n\n<p>Si bien, esperan que los recursos de amparo tengan efecto, insisten en que el Ejecutivo debe escucharlos para instruir a la Fiscal\u00eda General del Estado que se siga un debido proceso.<\/p>\n\n\n\n<p>Tal y como lo hab\u00edan advertido cerraron la vialidad en la calle de Enr\u00edquez para presionar a las autoridades, y de esta forma-poder tener una audiencia con el-gobernado amor del estado, y que la detenci\u00f3n de 11 personas el pasado 24 de enero el el Cerro de Nanchital, en Las choapas.<\/p>\n\n\n\n<p>Argelia Jim\u00e9nez P\u00e9rez dijo que la mesa de di\u00e1logo la han solicitado desde el 2 de febrero y es la fecha que no les resuelven nada.<\/p>\n\n\n\n<p>&#8220;Lo que queremos es que el Gobernador de manera directa nos atienda. No queremos que a trav\u00e9s de intermediarios seamos escuchados&#8221; finalizaron.<\/p>\n","protected":false},"excerpt":{"rendered":"<p>Dar\u00edo Pale Xalapa, Ver.- Por tercera ocasi\u00f3n familiares de los 11 detenidos en la localidad Cerro de Nanchital, en el municipio de Las Choapas, se manifestaron y cerraron la calle de Enr\u00edquez para solicitar que el gobernador Cuitl\u00e1huac Garc\u00eda Jim\u00e9nez los atienda. Entrevistada durante la manifestaci\u00f3n Ana Laura Reyes dio a conocer que, &#8220;las familias [&hellip;]<\/p>\n","protected":false},"author":1,"featured_media":14677,"comment_status":"open","ping_status":"open","sticky":false,"template":"","format":"standard","meta":{"_jetpack_memberships_contains_paid_content":false,"footnotes":""},"categories":[2],"tags":[],"class_list":["post-14676","post","type-post","status-publish","format-standard","has-post-thumbnail","hentry","category-estado"],"jetpack_featured_media_url":"https:\/\/encuentroinformativo.com.mx\/wp-content\/uploads\/2021\/05\/D4B3BA8A-B295-49A4-BAF8-0A5B3527ADCE.jpeg","jetpack_sharing_enabled":true,"jetpack_likes_enabled":true,"amp_enabled":true,"_links":{"self":[{"href":"https:\/\/encuentroinformativo.com.mx\/index.php?rest_route=\/wp\/v2\/posts\/14676","targetHints":{"allow":["GET"]}}],"collection":[{"href":"https:\/\/encuentroinformativo.com.mx\/index.php?rest_route=\/wp\/v2\/posts"}],"about":[{"href":"https:\/\/encuentroinformativo.com.mx\/index.php?rest_route=\/wp\/v2\/types\/post"}],"author":[{"embeddable":true,"href":"https:\/\/encuentroinformativo.com.mx\/index.php?rest_route=\/wp\/v2\/users\/1"}],"replies":[{"embeddable":true,"href":"https:\/\/encuentroinformativo.com.mx\/index.php?rest_route=%2Fwp%2Fv2%2Fcomments&post=14676"}],"version-history":[{"count":1,"href":"https:\/\/encuentroinformativo.com.mx\/index.php?rest_route=\/wp\/v2\/posts\/14676\/revisions"}],"predecessor-version":[{"id":14678,"href":"https:\/\/encuentroinformativo.com.mx\/index.php?rest_route=\/wp\/v2\/posts\/14676\/revisions\/14678"}],"wp:featuredmedia":[{"embeddable":true,"href":"https:\/\/encuentroinformativo.com.mx\/index.php?rest_route=\/wp\/v2\/media\/14677"}],"wp:attachment":[{"href":"https:\/\/encuentroinformativo.com.mx\/index.php?rest_route=%2Fwp%2Fv2%2Fmedia&parent=14676"}],"wp:term":[{"taxonomy":"category","embeddable":true,"href":"https:\/\/encuentroinformativo.com.mx\/index.php?rest_route=%2Fwp%2Fv2%2Fcategories&post=14676"},{"taxonomy":"post_tag","embeddable":true,"href":"https:\/\/encuentroinformativo.com.mx\/index.php?rest_route=%2Fwp%2Fv2%2Ftags&post=14676"}],"curies":[{"name":"wp","href":"https:\/\/api.w.org\/{rel}","templated":true}]}}