{"id":14688,"date":"2021-05-31T13:38:08","date_gmt":"2021-05-31T18:38:08","guid":{"rendered":"https:\/\/encuentroinformativo.com.mx\/?p=14688"},"modified":"2021-05-31T13:38:13","modified_gmt":"2021-05-31T18:38:13","slug":"disputan-priistas-regidurias-en-el-puerto","status":"publish","type":"post","link":"https:\/\/encuentroinformativo.com.mx\/?p=14688","title":{"rendered":"Disputan priistas regidur\u00edas en el puerto"},"content":{"rendered":"\n<p><strong>Alejandro \u00c1vila<\/strong><\/p>\n\n\n\n<p>Veracruz, Ver.- Carlos Alberto Troncoso Delgado, presidente municipal del PRI en Veracruz promovi\u00f3 un juicio para la protecci\u00f3n de los derechos pol\u00edticos electorales del ciudadano, ante el Consejor General del Organismo P\u00fablico Local Electoral.<\/p>\n\n\n\n<p>Ser\u00e1 la Magistrada Claudia D\u00edaz Tablada quien se encargue del tema, bajo el oficio OPLEV\/CG\/494\/2021, mismo que integra el expediente JDC\/138\/CG\/2021.<\/p>\n\n\n\n<p>La protesta de Troncoso Delgado es porque al cambiar de candidato en el municipio de Veracruz la alianza &#8220;Veracruz Va&#8221; por Patricia Lobeira Rodr\u00edguez, automaticamente las posiciones de las planillas cambian, y \u00e9l, es quien iba en la n\u00famero uno de la regidur\u00edas priistas, pero ahora fue bajado de sitio y subida en su posici\u00f3n Belem Palmeros Exsome.<\/p>\n\n\n\n<p>Esta situaci\u00f3n tiene descontento a Carlos Alberto Troncoso Delgado, pues Palmeros Exsome no es de su grupo pol\u00edtico y considera puede perder una posici\u00f3n; de forma interna, se logr\u00f3 conocer que Carlos Troncoso buscar\u00e1 a toda costa y bajo el argumento de su cargo en el PRI, quitar a Belem Palmeros y poner a una mujer a fin a sus intereses personales.<\/p>\n","protected":false},"excerpt":{"rendered":"<p>Alejandro \u00c1vila Veracruz, Ver.- Carlos Alberto Troncoso Delgado, presidente municipal del PRI en Veracruz promovi\u00f3 un juicio para la protecci\u00f3n de los derechos pol\u00edticos electorales del ciudadano, ante el Consejor General del Organismo P\u00fablico Local Electoral. Ser\u00e1 la Magistrada Claudia D\u00edaz Tablada quien se encargue del tema, bajo el oficio OPLEV\/CG\/494\/2021, mismo que integra el [&hellip;]<\/p>\n","protected":false},"author":1,"featured_media":14689,"comment_status":"open","ping_status":"open","sticky":false,"template":"","format":"standard","meta":{"_jetpack_memberships_contains_paid_content":false,"footnotes":""},"categories":[2],"tags":[],"class_list":["post-14688","post","type-post","status-publish","format-standard","has-post-thumbnail","hentry","category-estado"],"jetpack_featured_media_url":"https:\/\/encuentroinformativo.com.mx\/wp-content\/uploads\/2021\/05\/9AAA3748-2325-4354-8642-E5225AA9186C.jpeg","jetpack_sharing_enabled":true,"jetpack_likes_enabled":true,"amp_enabled":true,"_links":{"self":[{"href":"https:\/\/encuentroinformativo.com.mx\/index.php?rest_route=\/wp\/v2\/posts\/14688","targetHints":{"allow":["GET"]}}],"collection":[{"href":"https:\/\/encuentroinformativo.com.mx\/index.php?rest_route=\/wp\/v2\/posts"}],"about":[{"href":"https:\/\/encuentroinformativo.com.mx\/index.php?rest_route=\/wp\/v2\/types\/post"}],"author":[{"embeddable":true,"href":"https:\/\/encuentroinformativo.com.mx\/index.php?rest_route=\/wp\/v2\/users\/1"}],"replies":[{"embeddable":true,"href":"https:\/\/encuentroinformativo.com.mx\/index.php?rest_route=%2Fwp%2Fv2%2Fcomments&post=14688"}],"version-history":[{"count":1,"href":"https:\/\/encuentroinformativo.com.mx\/index.php?rest_route=\/wp\/v2\/posts\/14688\/revisions"}],"predecessor-version":[{"id":14690,"href":"https:\/\/encuentroinformativo.com.mx\/index.php?rest_route=\/wp\/v2\/posts\/14688\/revisions\/14690"}],"wp:featuredmedia":[{"embeddable":true,"href":"https:\/\/encuentroinformativo.com.mx\/index.php?rest_route=\/wp\/v2\/media\/14689"}],"wp:attachment":[{"href":"https:\/\/encuentroinformativo.com.mx\/index.php?rest_route=%2Fwp%2Fv2%2Fmedia&parent=14688"}],"wp:term":[{"taxonomy":"category","embeddable":true,"href":"https:\/\/encuentroinformativo.com.mx\/index.php?rest_route=%2Fwp%2Fv2%2Fcategories&post=14688"},{"taxonomy":"post_tag","embeddable":true,"href":"https:\/\/encuentroinformativo.com.mx\/index.php?rest_route=%2Fwp%2Fv2%2Ftags&post=14688"}],"curies":[{"name":"wp","href":"https:\/\/api.w.org\/{rel}","templated":true}]}}