{"id":14691,"date":"2021-05-31T16:24:22","date_gmt":"2021-05-31T21:24:22","guid":{"rendered":"https:\/\/encuentroinformativo.com.mx\/?p=14691"},"modified":"2021-05-31T16:24:26","modified_gmt":"2021-05-31T21:24:26","slug":"mantienen-sindicatos-rechazo-a-clases-presenciales","status":"publish","type":"post","link":"https:\/\/encuentroinformativo.com.mx\/?p=14691","title":{"rendered":"Mantienen sindicatos rechazo a clases presenciales"},"content":{"rendered":"\n<p><strong>Juan Arcos<\/strong><\/p>\n\n\n\n<p>Xalapa, Ver.- Diversos sindicatos magisteriales de Veracruz no regresar\u00e1n a las aulas el pr\u00f3ximo lunes 7 de junio, pese a que el presidente de la Rep\u00fablica, Andr\u00e9s Manuel L\u00f3pez Obrador, considere que en ese entonces habr\u00eda condiciones para dicha situaci\u00f3n en el nivel b\u00e1sico.<\/p>\n\n\n\n<p>De acuerdo con Eliseo Islas Chagoya, secretario general del Sindicato Independiente de Trabajadores de Telebachillerato y Servicios Educativos (SITTEBA), las organizaciones sindicales continuar\u00e1n exigiendo al gobierno federal que emita una estrategia adecuada para el regreso a clases presenciales, sin el riesgo a un rebrote por SARS-COV-2 (COVID-19).<\/p>\n\n\n\n<p>\u201cNosotros nuevamente reiteramos al presidente de la Rep\u00fablica que emita una estrategia adecuada para el regreso a clases, estamos en la sinton\u00eda como organizaci\u00f3n magisterial de no regresar a clases\u201d.<\/p>\n\n\n\n<p>El l\u00edder sindical indic\u00f3 que fue la minor\u00eda de escuelas p\u00fablicas la que retorn\u00f3 a las aulas el pasado 24 de mayo, tras la presi\u00f3n por parte de las autoridades educativas.<\/p>\n\n\n\n<p>Record\u00f3 que las escuelas particulares \u201cmedianamente\u201d regresaron a las aulas durante esa misma fecha, luego de que los gobiernos manifestaran que \u00e9ste ser\u00eda posible, de manera paulatina y voluntaria.&nbsp;<br>En ese sentido, destac\u00f3 que los docentes est\u00e1n dispuestos a regresar a los planteles hasta que el 80 por ciento de la poblaci\u00f3n est\u00e9 vacunada contra el coronavirus.<\/p>\n\n\n\n<p>\u201cLa postura es que se asesoren con epidemi\u00f3logos e infect\u00f3logos y que hasta que est\u00e9 vacunado el 80 por ciento de la poblaci\u00f3n no regresemos y no mandemos a los ni\u00f1os y a los j\u00f3venes a un magnicidio que se est\u00e1 gestando desde la cabeza de no sabemos qui\u00e9n\u201d.\u00a0<br>En la misma postura se encuentra Laura Elena Montero Lozano, secretaria geberal del Sindicato Independiente Nacional al Servicio de la Educaci\u00f3n (SINSE); Vicente Lara Morgado, l\u00edder del Sindicato Independiente de Trabajadores al Servicio de la Educaci\u00f3n de Veracruz (SITASEV); Gerardo Vel\u00e1zquez Maravert, dirigente del Sindicato Innovador Magisterial Veracruzano (SIMVE); y Gabriel Reyes Salazar, secretario general del Sindicato Estatal de Trabajadores de la Educaci\u00f3n de Veracruz (SETEV).<\/p>\n\n\n\n<p>Cabe mencionar que en el estado de Veracruz hay m\u00e1s de 150 mil trabajadores de la educaci\u00f3n, quienes ya han sido vacunados contra el coronavirus.<\/p>\n","protected":false},"excerpt":{"rendered":"<p>Juan Arcos Xalapa, Ver.- Diversos sindicatos magisteriales de Veracruz no regresar\u00e1n a las aulas el pr\u00f3ximo lunes 7 de junio, pese a que el presidente de la Rep\u00fablica, Andr\u00e9s Manuel L\u00f3pez Obrador, considere que en ese entonces habr\u00eda condiciones para dicha situaci\u00f3n en el nivel b\u00e1sico. De acuerdo con Eliseo Islas Chagoya, secretario general del [&hellip;]<\/p>\n","protected":false},"author":1,"featured_media":14692,"comment_status":"open","ping_status":"open","sticky":false,"template":"","format":"standard","meta":{"_jetpack_memberships_contains_paid_content":false,"footnotes":""},"categories":[3],"tags":[],"class_list":["post-14691","post","type-post","status-publish","format-standard","has-post-thumbnail","hentry","category-xalapa"],"jetpack_featured_media_url":"https:\/\/encuentroinformativo.com.mx\/wp-content\/uploads\/2021\/05\/C6617DFF-27D7-4DA2-BDFC-D2E27A6E4FB0.jpeg","jetpack_sharing_enabled":true,"jetpack_likes_enabled":true,"amp_enabled":true,"_links":{"self":[{"href":"https:\/\/encuentroinformativo.com.mx\/index.php?rest_route=\/wp\/v2\/posts\/14691","targetHints":{"allow":["GET"]}}],"collection":[{"href":"https:\/\/encuentroinformativo.com.mx\/index.php?rest_route=\/wp\/v2\/posts"}],"about":[{"href":"https:\/\/encuentroinformativo.com.mx\/index.php?rest_route=\/wp\/v2\/types\/post"}],"author":[{"embeddable":true,"href":"https:\/\/encuentroinformativo.com.mx\/index.php?rest_route=\/wp\/v2\/users\/1"}],"replies":[{"embeddable":true,"href":"https:\/\/encuentroinformativo.com.mx\/index.php?rest_route=%2Fwp%2Fv2%2Fcomments&post=14691"}],"version-history":[{"count":1,"href":"https:\/\/encuentroinformativo.com.mx\/index.php?rest_route=\/wp\/v2\/posts\/14691\/revisions"}],"predecessor-version":[{"id":14693,"href":"https:\/\/encuentroinformativo.com.mx\/index.php?rest_route=\/wp\/v2\/posts\/14691\/revisions\/14693"}],"wp:featuredmedia":[{"embeddable":true,"href":"https:\/\/encuentroinformativo.com.mx\/index.php?rest_route=\/wp\/v2\/media\/14692"}],"wp:attachment":[{"href":"https:\/\/encuentroinformativo.com.mx\/index.php?rest_route=%2Fwp%2Fv2%2Fmedia&parent=14691"}],"wp:term":[{"taxonomy":"category","embeddable":true,"href":"https:\/\/encuentroinformativo.com.mx\/index.php?rest_route=%2Fwp%2Fv2%2Fcategories&post=14691"},{"taxonomy":"post_tag","embeddable":true,"href":"https:\/\/encuentroinformativo.com.mx\/index.php?rest_route=%2Fwp%2Fv2%2Ftags&post=14691"}],"curies":[{"name":"wp","href":"https:\/\/api.w.org\/{rel}","templated":true}]}}