{"id":14700,"date":"2021-06-01T09:16:41","date_gmt":"2021-06-01T14:16:41","guid":{"rendered":"https:\/\/encuentroinformativo.com.mx\/?p=14700"},"modified":"2021-06-01T09:16:44","modified_gmt":"2021-06-01T14:16:44","slug":"mota-candidato-chavo-ruco","status":"publish","type":"post","link":"https:\/\/encuentroinformativo.com.mx\/?p=14700","title":{"rendered":"Mota, candidato chavo-ruco"},"content":{"rendered":"\n<p><strong>Los Pol\u00edticos<\/strong><\/p>\n\n\n\n<p><strong>Salvador Mu\u00f1oz<\/strong><\/p>\n\n\n\n<p>Conozco a Adolfo Mota desde que se convirti\u00f3 en el diputado local m\u00e1s joven en la historia del Congreso veracruzano.<\/p>\n\n\n\n<p>Quiz\u00e1s por haber llegado a ser dipu-chavo en tan corta edad, creo que 24 a\u00f1os, es que su comportamiento siempre me parec\u00eda el de un se\u00f1or encerrado en el cuerpo de un joven.<\/p>\n\n\n\n<p>Misma actitud asumi\u00f3 en el PRI. La responsabilidad en sus espaldas debi\u00f3 obligarlo a mantener esa compostura que exig\u00eda el cargo que tambi\u00e9n conserv\u00f3 en los puestos que tuvo en la secretar\u00eda de Educaci\u00f3n.<\/p>\n\n\n\n<p>En esos lapsos, recuerdo que nuestros caminos se cruzaron el d\u00eda que iba a asumir el cargo de secretario. Coincidimos en un restaurante. Nos saludamos. Me dio su tel\u00e9fono en la cortes\u00eda propia de la ocasi\u00f3n y ya.<\/p>\n\n\n\n<p>Pasaron los a\u00f1os y una noche, me llam\u00f3 para preguntarme si pod\u00eda atender a un amigo mutuo y a la vez, me cuestionaba si pod\u00eda \u00e9l pasarle mi celular. Eso s\u00ed, siempre manteniendo la solemnidad propia que lo caracterizaba.<\/p>\n\n\n\n<p>Un d\u00eda escrib\u00ed sobre la posibilidad de que participara como candidato a diputado federal y me mand\u00f3 un mensaje de agradecimiento. Me dijo que muchos amigos y familiares se lo estaban reenviando.<\/p>\n\n\n\n<p>La \u00faltima vez me lo encontr\u00e9 en una cena de post-cumplea\u00f1os con dos amigos. Andaba en precampa\u00f1a. Lo vi m\u00e1s flaco de lo normal pero no fue lo \u00fanico que not\u00e9 en \u00e9l. Irradiaba algo distinto y distante al Adolfo Mota que yo conoc\u00eda\u2026 sonre\u00eda con placer, con facilidad, aunque parezca extra\u00f1o decirlo.<\/p>\n\n\n\n<p>Ya casi concluyendo lo que ha sido su campa\u00f1a de candidato a Diputado federal, si se pudiera calificar al m\u00e1s din\u00e1mico en su promoci\u00f3n al voto, sin duda, es Adolfo Mota: corre, brinca, le ching\u00f3 los Panam a El\u00edas Assad para ponerse uno de color diferente en cada pie\u2026 ya lleva rojo y amarillo; azul y rojo y las dem\u00e1s varientes que pueda haber con esos cromos.<\/p>\n\n\n\n<p>Igual hace videos de sus recorridos como otros dignos para llevarlos a TikTok.<\/p>\n\n\n\n<p>Lo mismo baila que brinca, agarra un tambor, se pone la gorra al rev\u00e9s, se desfaja, come como pel\u00f3n de hospicio, sin que ello merme el mensaje que lleva en sus propuestas como candidato a Diputado federal.<\/p>\n\n\n\n<p>Adolfo Mota, pues, est\u00e1 disfrutando ser candidato, hacer campa\u00f1a, recorrer los distritos, sea a pie o a caballo\u2026 y estoy seguro de algo: esa energ\u00eda con la que vive este momento pol\u00edtico-electoral la contagia a sus compa\u00f1eros en esta cruzada\u2026 a Am\u00e9rico Z\u00fa\u00f1iga, a Dana D\u00edaz, a Lillian Cerecedo, \u00a1vamos! \u00a1Hasta al mismo David Velasco Chedraui!<\/p>\n\n\n\n<p>Del Dipu-Chavo que conoc\u00ed al Chavo-Ruco candidato, hay algo que no logro asir, entender, comprender\u2026 s\u00ed, pareciera que no es el mismo pero si es as\u00ed, es en positivo; da gusto ver a estos pol\u00edticos disfrutando como nunca la pol\u00edtica, la campa\u00f1a, los discursos, el contacto con la gente\u2026&nbsp;<\/p>\n\n\n\n<p><a href=\"mailto:smcainito@gmail.com\" target=\"_blank\" rel=\"noreferrer noopener\">smcainito@gmail.com<\/a><\/p>\n","protected":false},"excerpt":{"rendered":"<p>Los Pol\u00edticos Salvador Mu\u00f1oz Conozco a Adolfo Mota desde que se convirti\u00f3 en el diputado local m\u00e1s joven en la historia del Congreso veracruzano. Quiz\u00e1s por haber llegado a ser dipu-chavo en tan corta edad, creo que 24 a\u00f1os, es que su comportamiento siempre me parec\u00eda el de un se\u00f1or encerrado en el cuerpo de [&hellip;]<\/p>\n","protected":false},"author":1,"featured_media":70,"comment_status":"open","ping_status":"open","sticky":false,"template":"","format":"standard","meta":{"_jetpack_memberships_contains_paid_content":false,"footnotes":""},"categories":[11],"tags":[],"class_list":["post-14700","post","type-post","status-publish","format-standard","has-post-thumbnail","hentry","category-opinion"],"jetpack_featured_media_url":"https:\/\/encuentroinformativo.com.mx\/wp-content\/uploads\/2020\/02\/opinion-invitado.jpg","jetpack_sharing_enabled":true,"jetpack_likes_enabled":true,"amp_enabled":true,"_links":{"self":[{"href":"https:\/\/encuentroinformativo.com.mx\/index.php?rest_route=\/wp\/v2\/posts\/14700","targetHints":{"allow":["GET"]}}],"collection":[{"href":"https:\/\/encuentroinformativo.com.mx\/index.php?rest_route=\/wp\/v2\/posts"}],"about":[{"href":"https:\/\/encuentroinformativo.com.mx\/index.php?rest_route=\/wp\/v2\/types\/post"}],"author":[{"embeddable":true,"href":"https:\/\/encuentroinformativo.com.mx\/index.php?rest_route=\/wp\/v2\/users\/1"}],"replies":[{"embeddable":true,"href":"https:\/\/encuentroinformativo.com.mx\/index.php?rest_route=%2Fwp%2Fv2%2Fcomments&post=14700"}],"version-history":[{"count":1,"href":"https:\/\/encuentroinformativo.com.mx\/index.php?rest_route=\/wp\/v2\/posts\/14700\/revisions"}],"predecessor-version":[{"id":14701,"href":"https:\/\/encuentroinformativo.com.mx\/index.php?rest_route=\/wp\/v2\/posts\/14700\/revisions\/14701"}],"wp:featuredmedia":[{"embeddable":true,"href":"https:\/\/encuentroinformativo.com.mx\/index.php?rest_route=\/wp\/v2\/media\/70"}],"wp:attachment":[{"href":"https:\/\/encuentroinformativo.com.mx\/index.php?rest_route=%2Fwp%2Fv2%2Fmedia&parent=14700"}],"wp:term":[{"taxonomy":"category","embeddable":true,"href":"https:\/\/encuentroinformativo.com.mx\/index.php?rest_route=%2Fwp%2Fv2%2Fcategories&post=14700"},{"taxonomy":"post_tag","embeddable":true,"href":"https:\/\/encuentroinformativo.com.mx\/index.php?rest_route=%2Fwp%2Fv2%2Ftags&post=14700"}],"curies":[{"name":"wp","href":"https:\/\/api.w.org\/{rel}","templated":true}]}}