{"id":14704,"date":"2021-06-01T11:22:28","date_gmt":"2021-06-01T16:22:28","guid":{"rendered":"https:\/\/encuentroinformativo.com.mx\/?p=14704"},"modified":"2021-06-01T11:22:32","modified_gmt":"2021-06-01T16:22:32","slug":"se-mejorara-atencion-a-grupos-vulnerables-guillermina-fernandez","status":"publish","type":"post","link":"https:\/\/encuentroinformativo.com.mx\/?p=14704","title":{"rendered":"Se mejorar\u00e1 atenci\u00f3n a grupos vulnerables: Guillermina Fern\u00e1ndez"},"content":{"rendered":"\n<p><strong>Redacci\u00f3n<\/strong><\/p>\n\n\n\n<p>\u00darsulo Galv\u00e1n, Ver.- Con la finalidad de acercar los servicios a personas con discapacidad as\u00ed como a grupos vulnerables se efectuar\u00e1 una reingenier\u00eda en el DIF Municipal, as\u00ed lo afirm\u00f3 Guillermina Fern\u00e1ndez Arroyo candidata a la presidencia municipal de \u00darsulo Galv\u00e1n por el partido Unidad Ciudadana.<\/p>\n\n\n\n<p>Durante recorridos efectuados por la cabecera municipal, la candidata a la alcald\u00eda explic\u00f3 que buscar\u00e1 mejorar la atenci\u00f3n a los sectores vulnerables de la poblaci\u00f3n para lo cual se aplicar\u00e1 un nuevo dise\u00f1o en el esquema de trabajo del organismo municipal.<\/p>\n\n\n\n<p>Y es que reconoci\u00f3 la importancia de que autoridades locales trabajen de forma coordinada con el DIF Estatal para que m\u00e1s programas y apoyos puedan llegar a las familias que m\u00e1s lo requieren en el municipio.<\/p>\n\n\n\n<p>\u201cEs necesario un redise\u00f1o en el DIF para lograr una efectiva vinculaci\u00f3n directa con el DIF Estatal, para reactivar los programas que no han sido aprovechados en su totalidad mediante la direcci\u00f3n del Centro de Rehabilitaci\u00f3n e Inclusi\u00f3n Social\u201d.<\/p>\n\n\n\n<p>Por lo que incluso -dijo- se efectuar\u00e1 un censo para detectar a las personas que se encuentren dentro de este sector y puedan ser incluidos en los programas de apoyo existentes.<\/p>\n\n\n\n<p>Finalmente Fern\u00e1ndez Arroyo enfatiz\u00f3 que dar atenci\u00f3n a grupos vulnerables ser\u00e1 una prioridad de su gobierno.<\/p>\n","protected":false},"excerpt":{"rendered":"<p>Redacci\u00f3n \u00darsulo Galv\u00e1n, Ver.- Con la finalidad de acercar los servicios a personas con discapacidad as\u00ed como a grupos vulnerables se efectuar\u00e1 una reingenier\u00eda en el DIF Municipal, as\u00ed lo afirm\u00f3 Guillermina Fern\u00e1ndez Arroyo candidata a la presidencia municipal de \u00darsulo Galv\u00e1n por el partido Unidad Ciudadana. Durante recorridos efectuados por la cabecera municipal, la [&hellip;]<\/p>\n","protected":false},"author":1,"featured_media":14705,"comment_status":"open","ping_status":"open","sticky":false,"template":"","format":"standard","meta":{"_jetpack_memberships_contains_paid_content":false,"footnotes":""},"categories":[8],"tags":[],"class_list":["post-14704","post","type-post","status-publish","format-standard","has-post-thumbnail","hentry","category-region"],"jetpack_featured_media_url":"https:\/\/encuentroinformativo.com.mx\/wp-content\/uploads\/2021\/06\/A0F021D6-58DF-4AB4-8EDB-0DAD3FE8AC05.jpeg","jetpack_sharing_enabled":true,"jetpack_likes_enabled":true,"amp_enabled":true,"_links":{"self":[{"href":"https:\/\/encuentroinformativo.com.mx\/index.php?rest_route=\/wp\/v2\/posts\/14704","targetHints":{"allow":["GET"]}}],"collection":[{"href":"https:\/\/encuentroinformativo.com.mx\/index.php?rest_route=\/wp\/v2\/posts"}],"about":[{"href":"https:\/\/encuentroinformativo.com.mx\/index.php?rest_route=\/wp\/v2\/types\/post"}],"author":[{"embeddable":true,"href":"https:\/\/encuentroinformativo.com.mx\/index.php?rest_route=\/wp\/v2\/users\/1"}],"replies":[{"embeddable":true,"href":"https:\/\/encuentroinformativo.com.mx\/index.php?rest_route=%2Fwp%2Fv2%2Fcomments&post=14704"}],"version-history":[{"count":1,"href":"https:\/\/encuentroinformativo.com.mx\/index.php?rest_route=\/wp\/v2\/posts\/14704\/revisions"}],"predecessor-version":[{"id":14706,"href":"https:\/\/encuentroinformativo.com.mx\/index.php?rest_route=\/wp\/v2\/posts\/14704\/revisions\/14706"}],"wp:featuredmedia":[{"embeddable":true,"href":"https:\/\/encuentroinformativo.com.mx\/index.php?rest_route=\/wp\/v2\/media\/14705"}],"wp:attachment":[{"href":"https:\/\/encuentroinformativo.com.mx\/index.php?rest_route=%2Fwp%2Fv2%2Fmedia&parent=14704"}],"wp:term":[{"taxonomy":"category","embeddable":true,"href":"https:\/\/encuentroinformativo.com.mx\/index.php?rest_route=%2Fwp%2Fv2%2Fcategories&post=14704"},{"taxonomy":"post_tag","embeddable":true,"href":"https:\/\/encuentroinformativo.com.mx\/index.php?rest_route=%2Fwp%2Fv2%2Ftags&post=14704"}],"curies":[{"name":"wp","href":"https:\/\/api.w.org\/{rel}","templated":true}]}}