{"id":14707,"date":"2021-06-01T12:07:41","date_gmt":"2021-06-01T17:07:41","guid":{"rendered":"https:\/\/encuentroinformativo.com.mx\/?p=14707"},"modified":"2021-06-01T12:07:43","modified_gmt":"2021-06-01T17:07:43","slug":"en-jamapa-acusan-a-primo-de-candidato-de-agresion-con-arma-blanca","status":"publish","type":"post","link":"https:\/\/encuentroinformativo.com.mx\/?p=14707","title":{"rendered":"En Jamapa, acusan a primo de candidato de agresi\u00f3n con arma blanca"},"content":{"rendered":"\n<p><strong>Alejandro \u00c1vila<\/strong><\/p>\n\n\n\n<p>Jamapa, Ver.- El usuario de <em>Facebook<\/em>, Bruno Carrillo Guti\u00e9rrez, denunci\u00f3 en un grupo de ciudadanos jamape\u00f1os al primo del candidato V\u00edctor Morales Castro, de &#8220;picar&#8221; a una persona durante el cierre de campa\u00f1a el pasado domingo.<\/p>\n\n\n\n<p>Seg\u00fan lo publicado por el usuario de redes sociales, el pasado domingo se llev\u00f3 a cabo en el Campo Deportivo el cierre de campa\u00f1a del candidato a la alcald\u00eda de Jamapa por el partido Unidad Ciudadana, V\u00edctor Morales Castro; a donde acudieron decenas de personas.<\/p>\n\n\n\n<p>En el evento, hubo bebidas embriagantes y tras un pleito entre el primo del candidato, a quien identifican como Alfredo Murillo Islas, este habr\u00eda sacado un arma blanca para atacar a Ir\u00e1n Santos, quien se presume llev\u00f3 a muchas personas al cierre de campa\u00f1a como &#8220;acarreados&#8221; por lo que exig\u00eda el pago por el trabajo acordado.<\/p>\n\n\n\n<p>Murillo Islas, molesto y en presunto estado de ebriedad, habr\u00eda atacado al ciudadano que fue llevado al centro de salud para recibir la atenci\u00f3n m\u00e9dica.<\/p>\n\n\n\n<p>Horas m\u00e1s tarde, el candidato V\u00edctor Morales, emiti\u00f3 un comunicado donde confirma la agresi\u00f3n, pero apunt\u00f3 que tal acto no se realiz\u00f3 en su cierre de campa\u00f1a, sino a las afueras del recinto donde ten\u00eda su evento, siendo se\u00f1alado por otros usuarios de redes sociales de mentir, tal como lo acusaron hizo cuando fue alcalde por abanderado por el PRI.<\/p>\n","protected":false},"excerpt":{"rendered":"<p>Alejandro \u00c1vila Jamapa, Ver.- El usuario de Facebook, Bruno Carrillo Guti\u00e9rrez, denunci\u00f3 en un grupo de ciudadanos jamape\u00f1os al primo del candidato V\u00edctor Morales Castro, de &#8220;picar&#8221; a una persona durante el cierre de campa\u00f1a el pasado domingo. Seg\u00fan lo publicado por el usuario de redes sociales, el pasado domingo se llev\u00f3 a cabo en [&hellip;]<\/p>\n","protected":false},"author":1,"featured_media":14708,"comment_status":"open","ping_status":"open","sticky":false,"template":"","format":"standard","meta":{"_jetpack_memberships_contains_paid_content":false,"footnotes":""},"categories":[2],"tags":[],"class_list":["post-14707","post","type-post","status-publish","format-standard","has-post-thumbnail","hentry","category-estado"],"jetpack_featured_media_url":"https:\/\/encuentroinformativo.com.mx\/wp-content\/uploads\/2021\/06\/B7FDF27D-BB0B-4D3B-8FB3-78F50DE45818.jpeg","jetpack_sharing_enabled":true,"jetpack_likes_enabled":true,"amp_enabled":true,"_links":{"self":[{"href":"https:\/\/encuentroinformativo.com.mx\/index.php?rest_route=\/wp\/v2\/posts\/14707","targetHints":{"allow":["GET"]}}],"collection":[{"href":"https:\/\/encuentroinformativo.com.mx\/index.php?rest_route=\/wp\/v2\/posts"}],"about":[{"href":"https:\/\/encuentroinformativo.com.mx\/index.php?rest_route=\/wp\/v2\/types\/post"}],"author":[{"embeddable":true,"href":"https:\/\/encuentroinformativo.com.mx\/index.php?rest_route=\/wp\/v2\/users\/1"}],"replies":[{"embeddable":true,"href":"https:\/\/encuentroinformativo.com.mx\/index.php?rest_route=%2Fwp%2Fv2%2Fcomments&post=14707"}],"version-history":[{"count":1,"href":"https:\/\/encuentroinformativo.com.mx\/index.php?rest_route=\/wp\/v2\/posts\/14707\/revisions"}],"predecessor-version":[{"id":14709,"href":"https:\/\/encuentroinformativo.com.mx\/index.php?rest_route=\/wp\/v2\/posts\/14707\/revisions\/14709"}],"wp:featuredmedia":[{"embeddable":true,"href":"https:\/\/encuentroinformativo.com.mx\/index.php?rest_route=\/wp\/v2\/media\/14708"}],"wp:attachment":[{"href":"https:\/\/encuentroinformativo.com.mx\/index.php?rest_route=%2Fwp%2Fv2%2Fmedia&parent=14707"}],"wp:term":[{"taxonomy":"category","embeddable":true,"href":"https:\/\/encuentroinformativo.com.mx\/index.php?rest_route=%2Fwp%2Fv2%2Fcategories&post=14707"},{"taxonomy":"post_tag","embeddable":true,"href":"https:\/\/encuentroinformativo.com.mx\/index.php?rest_route=%2Fwp%2Fv2%2Ftags&post=14707"}],"curies":[{"name":"wp","href":"https:\/\/api.w.org\/{rel}","templated":true}]}}