{"id":14710,"date":"2021-06-01T13:00:43","date_gmt":"2021-06-01T18:00:43","guid":{"rendered":"https:\/\/encuentroinformativo.com.mx\/?p=14710"},"modified":"2021-06-01T13:00:47","modified_gmt":"2021-06-01T18:00:47","slug":"a-30-anos-de-la-requisa-porturaria-ex-trabajadores-piden-ayuda-a-amlo","status":"publish","type":"post","link":"https:\/\/encuentroinformativo.com.mx\/?p=14710","title":{"rendered":"A 30 a\u00f1os de la requisa porturaria ex trabajadores piden ayuda a AMLO"},"content":{"rendered":"\n<p><strong>Alejandro \u00c1vila<\/strong><\/p>\n\n\n\n<p>Veracruz, Ver.- Ex trabajadores portuarios marcharon por el centro de la ciudad de Veracruz, pues este 1 de junio se cumplen 30 a\u00f1os de que el Gobierno Federal requisara los servicios portuarios en Veracruz para privatizar la zona.<\/p>\n\n\n\n<p>Aprovechando la visita del presidente de la rep\u00fablica, Andr\u00e9s Manuel L\u00f3pez Obrador, los ex empleados portuarios, solicitaron al mandatario agilizar los tr\u00e1mites que les permitan obtener la bonificaci\u00f3n econ\u00f3mica prometida desde hace a\u00f1os.<\/p>\n\n\n\n<p>&#8220;Hoy le pedimos, le suplicamos que acelere, porque se nos est\u00e1n acelerando las muertes de nuestros compa\u00f1eros y desafortunadamente en la pobreza extrema. Hoy le pedimos por favor se\u00f1or presidente, voltee y gire las instrucciones precisas para que ya terminemos con esto&#8221;, declar\u00f3 Jos\u00e9 Alejandro Pulido Cueto, apoderado legal del sindicato de Maniobristas, Carretilleros y Estibadores.<\/p>\n\n\n\n<p>Record\u00f3 que la solicitud hecha, es la devoluci\u00f3n de sus edificios sede, el pago de la maquinaria expropiada y una remuneraci\u00f3n econ\u00f3mica retractiva por el presunto despido injustificado.<\/p>\n\n\n\n<p>&#8220;Solamente queremos la indemnizaci\u00f3n, por el usufructo de la conceci\u00f3n nuestra durante 30 a\u00f1os, eso es lo \u00fanico (\u2026) hoy se cumplen 30 de la requisa, y esta fue una manifestaci\u00f3n nada m\u00e1s para recordarle a todos los funcionarios y a los ciudadanos, que los que seguimos vivos y aqu\u00ed nos vamos a morir si es necesario&#8221;, remat\u00f3.<\/p>\n","protected":false},"excerpt":{"rendered":"<p>Alejandro \u00c1vila Veracruz, Ver.- Ex trabajadores portuarios marcharon por el centro de la ciudad de Veracruz, pues este 1 de junio se cumplen 30 a\u00f1os de que el Gobierno Federal requisara los servicios portuarios en Veracruz para privatizar la zona. Aprovechando la visita del presidente de la rep\u00fablica, Andr\u00e9s Manuel L\u00f3pez Obrador, los ex empleados [&hellip;]<\/p>\n","protected":false},"author":1,"featured_media":14711,"comment_status":"open","ping_status":"open","sticky":false,"template":"","format":"standard","meta":{"_jetpack_memberships_contains_paid_content":false,"footnotes":""},"categories":[2],"tags":[],"class_list":["post-14710","post","type-post","status-publish","format-standard","has-post-thumbnail","hentry","category-estado"],"jetpack_featured_media_url":"https:\/\/encuentroinformativo.com.mx\/wp-content\/uploads\/2021\/06\/0B3687F5-13A2-4765-935D-C9697CCEBE2B.jpeg","jetpack_sharing_enabled":true,"jetpack_likes_enabled":true,"amp_enabled":true,"_links":{"self":[{"href":"https:\/\/encuentroinformativo.com.mx\/index.php?rest_route=\/wp\/v2\/posts\/14710","targetHints":{"allow":["GET"]}}],"collection":[{"href":"https:\/\/encuentroinformativo.com.mx\/index.php?rest_route=\/wp\/v2\/posts"}],"about":[{"href":"https:\/\/encuentroinformativo.com.mx\/index.php?rest_route=\/wp\/v2\/types\/post"}],"author":[{"embeddable":true,"href":"https:\/\/encuentroinformativo.com.mx\/index.php?rest_route=\/wp\/v2\/users\/1"}],"replies":[{"embeddable":true,"href":"https:\/\/encuentroinformativo.com.mx\/index.php?rest_route=%2Fwp%2Fv2%2Fcomments&post=14710"}],"version-history":[{"count":1,"href":"https:\/\/encuentroinformativo.com.mx\/index.php?rest_route=\/wp\/v2\/posts\/14710\/revisions"}],"predecessor-version":[{"id":14712,"href":"https:\/\/encuentroinformativo.com.mx\/index.php?rest_route=\/wp\/v2\/posts\/14710\/revisions\/14712"}],"wp:featuredmedia":[{"embeddable":true,"href":"https:\/\/encuentroinformativo.com.mx\/index.php?rest_route=\/wp\/v2\/media\/14711"}],"wp:attachment":[{"href":"https:\/\/encuentroinformativo.com.mx\/index.php?rest_route=%2Fwp%2Fv2%2Fmedia&parent=14710"}],"wp:term":[{"taxonomy":"category","embeddable":true,"href":"https:\/\/encuentroinformativo.com.mx\/index.php?rest_route=%2Fwp%2Fv2%2Fcategories&post=14710"},{"taxonomy":"post_tag","embeddable":true,"href":"https:\/\/encuentroinformativo.com.mx\/index.php?rest_route=%2Fwp%2Fv2%2Ftags&post=14710"}],"curies":[{"name":"wp","href":"https:\/\/api.w.org\/{rel}","templated":true}]}}