{"id":14713,"date":"2021-06-01T13:21:00","date_gmt":"2021-06-01T18:21:00","guid":{"rendered":"https:\/\/encuentroinformativo.com.mx\/?p=14713"},"modified":"2021-06-01T13:21:03","modified_gmt":"2021-06-01T18:21:03","slug":"docentes-afectados-con-descuentos-se-suman-a-protestas-de-la-sev","status":"publish","type":"post","link":"https:\/\/encuentroinformativo.com.mx\/?p=14713","title":{"rendered":"Docentes afectados con descuentos se suman a protestas de la SEV"},"content":{"rendered":"\n<p><strong>Juan Arcos <\/strong><\/p>\n\n\n\n<p>Xalapa, Ver.- Las oficinas centrales de la Secretar\u00eda de Educaci\u00f3n de Veracruz (SEV) amaneci\u00f3 tomada por segundo d\u00eda consecutivo para exigir que sean respetados los derechos de los docentes.<\/p>\n\n\n\n<p>Se trata de integrantes de Fuerza Magisterial, quienes cerraron los accesos de la dependencia estatal para impedir el ingreso de los trabajadores.<\/p>\n\n\n\n<p>De acuerdo con profesora Lourdes Garc\u00eda Mora, contin\u00faan los descuentos indebidos v\u00eda n\u00f3mina por parte de las financieras.<\/p>\n\n\n\n<p>\u201cEstamos hablando de m\u00e1s de 2 mil maestros con expediente, definitivamente hay m\u00e1s, estamos hablando de casi el 70 por ciento del magisterio\u201d.<\/p>\n\n\n\n<p>Indic\u00f3 que no hay un control en estos cr\u00e9ditos por parte de las financieras, pues no son respetados los plazos ni los documentos que en su momento fueron firmados.<\/p>\n\n\n\n<p>Tambi\u00e9n refiri\u00f3 que a pesar de que varios profesores han terminado de pagar sus cr\u00e9ditos, las empresas les siguen aplicando descuentos.<br>\u201cNo hay nada que el docente pueda hacer, pues en la SEV nos dicen que para quitarles los descuentos, las financieras deben entregar un documento en donde indiquen el finiquito\u201d, enfatiz\u00f3.&nbsp;<\/p>\n","protected":false},"excerpt":{"rendered":"<p>Juan Arcos Xalapa, Ver.- Las oficinas centrales de la Secretar\u00eda de Educaci\u00f3n de Veracruz (SEV) amaneci\u00f3 tomada por segundo d\u00eda consecutivo para exigir que sean respetados los derechos de los docentes. Se trata de integrantes de Fuerza Magisterial, quienes cerraron los accesos de la dependencia estatal para impedir el ingreso de los trabajadores. De acuerdo [&hellip;]<\/p>\n","protected":false},"author":1,"featured_media":14714,"comment_status":"open","ping_status":"open","sticky":false,"template":"","format":"standard","meta":{"_jetpack_memberships_contains_paid_content":false,"footnotes":""},"categories":[3],"tags":[],"class_list":["post-14713","post","type-post","status-publish","format-standard","has-post-thumbnail","hentry","category-xalapa"],"jetpack_featured_media_url":"https:\/\/encuentroinformativo.com.mx\/wp-content\/uploads\/2021\/06\/3BE38282-87F3-4F7C-ABEA-93D7623059C1.jpeg","jetpack_sharing_enabled":true,"jetpack_likes_enabled":true,"amp_enabled":true,"_links":{"self":[{"href":"https:\/\/encuentroinformativo.com.mx\/index.php?rest_route=\/wp\/v2\/posts\/14713","targetHints":{"allow":["GET"]}}],"collection":[{"href":"https:\/\/encuentroinformativo.com.mx\/index.php?rest_route=\/wp\/v2\/posts"}],"about":[{"href":"https:\/\/encuentroinformativo.com.mx\/index.php?rest_route=\/wp\/v2\/types\/post"}],"author":[{"embeddable":true,"href":"https:\/\/encuentroinformativo.com.mx\/index.php?rest_route=\/wp\/v2\/users\/1"}],"replies":[{"embeddable":true,"href":"https:\/\/encuentroinformativo.com.mx\/index.php?rest_route=%2Fwp%2Fv2%2Fcomments&post=14713"}],"version-history":[{"count":1,"href":"https:\/\/encuentroinformativo.com.mx\/index.php?rest_route=\/wp\/v2\/posts\/14713\/revisions"}],"predecessor-version":[{"id":14715,"href":"https:\/\/encuentroinformativo.com.mx\/index.php?rest_route=\/wp\/v2\/posts\/14713\/revisions\/14715"}],"wp:featuredmedia":[{"embeddable":true,"href":"https:\/\/encuentroinformativo.com.mx\/index.php?rest_route=\/wp\/v2\/media\/14714"}],"wp:attachment":[{"href":"https:\/\/encuentroinformativo.com.mx\/index.php?rest_route=%2Fwp%2Fv2%2Fmedia&parent=14713"}],"wp:term":[{"taxonomy":"category","embeddable":true,"href":"https:\/\/encuentroinformativo.com.mx\/index.php?rest_route=%2Fwp%2Fv2%2Fcategories&post=14713"},{"taxonomy":"post_tag","embeddable":true,"href":"https:\/\/encuentroinformativo.com.mx\/index.php?rest_route=%2Fwp%2Fv2%2Ftags&post=14713"}],"curies":[{"name":"wp","href":"https:\/\/api.w.org\/{rel}","templated":true}]}}