{"id":14716,"date":"2021-06-01T15:18:18","date_gmt":"2021-06-01T20:18:18","guid":{"rendered":"https:\/\/encuentroinformativo.com.mx\/?p=14716"},"modified":"2021-06-01T15:18:22","modified_gmt":"2021-06-01T20:18:22","slug":"bajo-interes-de-partidos-en-temas-de-discapacidad-imidi","status":"publish","type":"post","link":"https:\/\/encuentroinformativo.com.mx\/?p=14716","title":{"rendered":"Bajo inter\u00e9s de partidos en temas de discapacidad: IMIDI"},"content":{"rendered":"\n<p><strong>Dar\u00edo Pale <\/strong><\/p>\n\n\n\n<p>Xalapa, Ver.- Karina Mart\u00ednez Vera directora general del Instituto Mexicano de Investigaci\u00f3n y Desarrollo Integral A.C. (IMIDI), dio a conocer que a la firma del Pacto por la Inclusi\u00f3n solo asistieron unos cuantos lo cual es muy lamentable.<\/p>\n\n\n\n<p>En conferencia de prensa realizada en conocido caf\u00e9 del centro de Xalapa, dio a conocer que el pasado 31 de mayo se llev\u00f3 a cabo la firma del Pacto por la Inclusi\u00f3n, convocado por la RED CABE, constituida por diferentes asociaciones civiles y colectivos de personas en situaci\u00f3n de discapacidad en la ciudad de Xalapa, Veracruz.<\/p>\n\n\n\n<p>La reuni\u00f3n para la firma tuvo como objetivo refrendar las propuestas espec\u00edficas a favor de la inclusi\u00f3n con el fin de contribuir al pleno ejercicio de los derechos humanos de las personas con discapacidad y otras situaciones de vulnerabilidad.<\/p>\n\n\n\n<p>&#8220;Fueron convocados, de manera personal y con acuse de recibido, todos los presidentes Estatales de los catorce diferentes partidos pol\u00edticos, durante el periodo electoral 2021, para asumir el compromiso y sumarlo a responsabilidades que les confiera del resultado de la elecci\u00f3n del d\u00eda 6 de junio del 2021&#8221;, se\u00f1al\u00f3.<\/p>\n\n\n\n<p>Dio a conocer que solo asistieron Gheraldine Rodr\u00edguez Salazar en representaci\u00f3n del presidente estatal del partido pol\u00edtico PODEMOS C. Francisco Garrido S\u00e1nchez , Joaqu\u00edn Rosendo Guzm\u00e1n Avil\u00e9s presidente estatal del partido pol\u00edtico PAN, V\u00edctor M. Vargas Fern\u00e1ndez en representaci\u00f3n del presidente estatal del Partido Cardenista C. Antonio Luna Andrade y Raymundo Vera Santos en representaci\u00f3n del presidente del partido pol\u00edtico Unidad Ciudadana C. Cinthya Amaranta Lobato Calder\u00f3n.<\/p>\n\n\n\n<p>Quienes no asistieron fueron C. Carlos Marcelo Ru\u00edz S\u00e1nchez presidente estatal del partido Verde Ecologista de M\u00e9xico, \u00a0Antonio Lagunes Toral presidente estatal Redes Sociales Progresistas, Eduardo Alejandro Vega Yunes presidente estatal del partido Fuerza por M\u00e9xico, Vicente Aguilar Aguilar presidente estatal del Partido del Trabajo, Gonzalo Gu\u00edzar Valladares presidente estatal Partido Encuentro Solidario, Jos\u00e9 de Jes\u00fas V\u00e1zquez Gonz\u00e1les presidente estatal del partido Todos por Veracruz, Sergio Gill Rull\u00e1n presidente estatal de Movimiento Ciudadano, Marlon Eduardo Ram\u00edrez Mar\u00edn presidente estatal del Partido Revolucionario Institucional, Sergio Antonio Cadena Mart\u00ednez presidente estatal del Partido de la Revoluci\u00f3n Democr\u00e1tica y Esteban Ram\u00edrez Zepeta presidente estatal del partido Morena.<\/p>\n\n\n\n<p>Finalmente se\u00f1al\u00f3 que los asistentes y firmantes se comprometieron de manera solidaria a la estrategia cuya visi\u00f3n es propositiva, realista y con responsabilidad pol\u00edtica, para lograr una sociedad basada en la equidad, justicia y la inclusi\u00f3n social.\u00a0<\/p>\n","protected":false},"excerpt":{"rendered":"<p>Dar\u00edo Pale Xalapa, Ver.- Karina Mart\u00ednez Vera directora general del Instituto Mexicano de Investigaci\u00f3n y Desarrollo Integral A.C. (IMIDI), dio a conocer que a la firma del Pacto por la Inclusi\u00f3n solo asistieron unos cuantos lo cual es muy lamentable. En conferencia de prensa realizada en conocido caf\u00e9 del centro de Xalapa, dio a conocer [&hellip;]<\/p>\n","protected":false},"author":1,"featured_media":14717,"comment_status":"open","ping_status":"open","sticky":false,"template":"","format":"standard","meta":{"_jetpack_memberships_contains_paid_content":false,"footnotes":""},"categories":[3],"tags":[],"class_list":["post-14716","post","type-post","status-publish","format-standard","has-post-thumbnail","hentry","category-xalapa"],"jetpack_featured_media_url":"https:\/\/encuentroinformativo.com.mx\/wp-content\/uploads\/2021\/06\/C3241459-69D3-469C-9BC7-924C8615B460.jpeg","jetpack_sharing_enabled":true,"jetpack_likes_enabled":true,"amp_enabled":true,"_links":{"self":[{"href":"https:\/\/encuentroinformativo.com.mx\/index.php?rest_route=\/wp\/v2\/posts\/14716","targetHints":{"allow":["GET"]}}],"collection":[{"href":"https:\/\/encuentroinformativo.com.mx\/index.php?rest_route=\/wp\/v2\/posts"}],"about":[{"href":"https:\/\/encuentroinformativo.com.mx\/index.php?rest_route=\/wp\/v2\/types\/post"}],"author":[{"embeddable":true,"href":"https:\/\/encuentroinformativo.com.mx\/index.php?rest_route=\/wp\/v2\/users\/1"}],"replies":[{"embeddable":true,"href":"https:\/\/encuentroinformativo.com.mx\/index.php?rest_route=%2Fwp%2Fv2%2Fcomments&post=14716"}],"version-history":[{"count":1,"href":"https:\/\/encuentroinformativo.com.mx\/index.php?rest_route=\/wp\/v2\/posts\/14716\/revisions"}],"predecessor-version":[{"id":14718,"href":"https:\/\/encuentroinformativo.com.mx\/index.php?rest_route=\/wp\/v2\/posts\/14716\/revisions\/14718"}],"wp:featuredmedia":[{"embeddable":true,"href":"https:\/\/encuentroinformativo.com.mx\/index.php?rest_route=\/wp\/v2\/media\/14717"}],"wp:attachment":[{"href":"https:\/\/encuentroinformativo.com.mx\/index.php?rest_route=%2Fwp%2Fv2%2Fmedia&parent=14716"}],"wp:term":[{"taxonomy":"category","embeddable":true,"href":"https:\/\/encuentroinformativo.com.mx\/index.php?rest_route=%2Fwp%2Fv2%2Fcategories&post=14716"},{"taxonomy":"post_tag","embeddable":true,"href":"https:\/\/encuentroinformativo.com.mx\/index.php?rest_route=%2Fwp%2Fv2%2Ftags&post=14716"}],"curies":[{"name":"wp","href":"https:\/\/api.w.org\/{rel}","templated":true}]}}