{"id":14719,"date":"2021-06-01T15:24:28","date_gmt":"2021-06-01T20:24:28","guid":{"rendered":"https:\/\/encuentroinformativo.com.mx\/?p=14719"},"modified":"2021-06-01T15:24:33","modified_gmt":"2021-06-01T20:24:33","slug":"traicion-acusan-marinos-mercantes-por-militarizacion","status":"publish","type":"post","link":"https:\/\/encuentroinformativo.com.mx\/?p=14719","title":{"rendered":"\u201cTraici\u00f3n\u201d acusan Marinos Mercantes por militarizaci\u00f3n"},"content":{"rendered":"\n<p><strong>Alejandro \u00c1vila<\/strong><\/p>\n\n\n\n<p>Veracruz, Ver.- Marinos mercantes arremetieron contra el Gobierno Federal, tras dejar a la Secretar\u00eda de Marina al mando de los puertos en M\u00e9xico.<\/p>\n\n\n\n<p>&#8220;Fuimos traicionados, nos dieron una pu\u00f1alada por la espalda&#8221;, se\u00f1al\u00f3 el presidente de la Consultor\u00eda de Profesionistas de la Marina Mercante, Faustino Su\u00e1rez Rodr\u00edguez, quien acus\u00f3 a los diputados morenistas de sucumbir ante los deseos del presidente de militarizar el pa\u00eds.<\/p>\n\n\n\n<p>Sostuvo que &#8220;dan ganas de llorar&#8221; al conocer que hoy, la escuela N\u00e1utica &#8216;Fernando Sil\u00edceo y Torre&#8217;, su alma mater es, \u201cuna fortaleza, con armas y balas\u201d, donde no se respeta la educaci\u00f3n naval y civil, pues se educa a los cadetes de forma militar.<\/p>\n\n\n\n<p>\u201cEso paso en las Capitan\u00edas de Puerto, se fueron desplazando los marinos mercantes, hay gente de la Marina ah\u00ed (\u2026) Si no evitamos esta masacre y digo masacre porque al rato vamos a tener la bota militar (\u2026) si no se dan cuenta, hoy estamos bajo la bota militar\u201d, asest\u00f3.<\/p>\n\n\n\n<p>Por su parte, Enrique Oth\u00f3n Pacheco secretario general de la Asociaci\u00f3n Sindical de Oficiales de Maquina de la Marina Mercante, record\u00f3 que fueron interpuestos amparos en contra del decreto que entrega la Marina Mercante a la Marina de M\u00e9xico.<\/p>\n\n\n\n<p>Se\u00f1al\u00f3 que, si bien no hay riesgo de que la actividad mercante desaparezca, el desplazamiento del personal mar\u00edtimo s\u00ed es un riesgo.&nbsp;<\/p>\n\n\n\n<p>Precis\u00f3 que los amparos se interpusieron ante la Suprema Corte de Justicia, que ser\u00e1 la encargada de determinar la inconstitucionalidad.<\/p>\n","protected":false},"excerpt":{"rendered":"<p>Alejandro \u00c1vila Veracruz, Ver.- Marinos mercantes arremetieron contra el Gobierno Federal, tras dejar a la Secretar\u00eda de Marina al mando de los puertos en M\u00e9xico. &#8220;Fuimos traicionados, nos dieron una pu\u00f1alada por la espalda&#8221;, se\u00f1al\u00f3 el presidente de la Consultor\u00eda de Profesionistas de la Marina Mercante, Faustino Su\u00e1rez Rodr\u00edguez, quien acus\u00f3 a los diputados morenistas [&hellip;]<\/p>\n","protected":false},"author":1,"featured_media":14720,"comment_status":"open","ping_status":"open","sticky":false,"template":"","format":"standard","meta":{"_jetpack_memberships_contains_paid_content":false,"footnotes":""},"categories":[2],"tags":[],"class_list":["post-14719","post","type-post","status-publish","format-standard","has-post-thumbnail","hentry","category-estado"],"jetpack_featured_media_url":"https:\/\/encuentroinformativo.com.mx\/wp-content\/uploads\/2021\/06\/A16CF1D1-88C7-4C33-A401-413D282F3B38.jpeg","jetpack_sharing_enabled":true,"jetpack_likes_enabled":true,"amp_enabled":true,"_links":{"self":[{"href":"https:\/\/encuentroinformativo.com.mx\/index.php?rest_route=\/wp\/v2\/posts\/14719","targetHints":{"allow":["GET"]}}],"collection":[{"href":"https:\/\/encuentroinformativo.com.mx\/index.php?rest_route=\/wp\/v2\/posts"}],"about":[{"href":"https:\/\/encuentroinformativo.com.mx\/index.php?rest_route=\/wp\/v2\/types\/post"}],"author":[{"embeddable":true,"href":"https:\/\/encuentroinformativo.com.mx\/index.php?rest_route=\/wp\/v2\/users\/1"}],"replies":[{"embeddable":true,"href":"https:\/\/encuentroinformativo.com.mx\/index.php?rest_route=%2Fwp%2Fv2%2Fcomments&post=14719"}],"version-history":[{"count":1,"href":"https:\/\/encuentroinformativo.com.mx\/index.php?rest_route=\/wp\/v2\/posts\/14719\/revisions"}],"predecessor-version":[{"id":14721,"href":"https:\/\/encuentroinformativo.com.mx\/index.php?rest_route=\/wp\/v2\/posts\/14719\/revisions\/14721"}],"wp:featuredmedia":[{"embeddable":true,"href":"https:\/\/encuentroinformativo.com.mx\/index.php?rest_route=\/wp\/v2\/media\/14720"}],"wp:attachment":[{"href":"https:\/\/encuentroinformativo.com.mx\/index.php?rest_route=%2Fwp%2Fv2%2Fmedia&parent=14719"}],"wp:term":[{"taxonomy":"category","embeddable":true,"href":"https:\/\/encuentroinformativo.com.mx\/index.php?rest_route=%2Fwp%2Fv2%2Fcategories&post=14719"},{"taxonomy":"post_tag","embeddable":true,"href":"https:\/\/encuentroinformativo.com.mx\/index.php?rest_route=%2Fwp%2Fv2%2Ftags&post=14719"}],"curies":[{"name":"wp","href":"https:\/\/api.w.org\/{rel}","templated":true}]}}