{"id":14722,"date":"2021-06-01T15:31:50","date_gmt":"2021-06-01T20:31:50","guid":{"rendered":"https:\/\/encuentroinformativo.com.mx\/?p=14722"},"modified":"2021-06-01T15:31:54","modified_gmt":"2021-06-01T20:31:54","slug":"asegura-amlo-que-semar-combatira-delincuencia-organizada","status":"publish","type":"post","link":"https:\/\/encuentroinformativo.com.mx\/?p=14722","title":{"rendered":"Asegura AMLO que SEMAR combatir\u00e1 delincuencia organizada"},"content":{"rendered":"\n<p><strong>Alejandro \u00c1vila<\/strong><\/p>\n\n\n\n<p><strong>Fotos: <\/strong>V\u00edctor Y\u00e1\u00f1ez\/Cortes\u00eda <\/p>\n\n\n\n<p>Veracruz, Ver.- La presencia de la Secretar\u00eda de Marina en los Puertos de M\u00e9xico ayudar\u00e1 a evitar que la delincuencia organizada y los ladrones de &#8220;cuello blanco&#8221; hagan transacciones en los Puertos de la rep\u00fablica, asegur\u00f3 el presidente, Andr\u00e9s Manuel L\u00f3pez Obrador.<\/p>\n\n\n\n<p>El Comandante Supremo de las Fuerzas Armadas, encabez\u00f3 la ceremonia de conmemoraci\u00f3n del D\u00eda de la Marina, misma que se llev\u00f3 a cabo en la escuela Na\u00fatica Mercante &#8220;Fernando Siliceo y Torres&#8221;, de Veracruz puerto; ah\u00ed, aprovech\u00f3 para anunciar la uni\u00f3n de ambas instituciones.<\/p>\n\n\n\n<p>Adem\u00e1s, expuso que dicha uni\u00f3n de ambas instituciones, se debe a que la Secretar\u00eda de Marina est\u00e1 mejor preparada para defender los intereses de la naci\u00f3n en tierra y mar.<\/p>\n\n\n\n<p>\u201cNosotros tomamos la decisi\u00f3n de que la operaci\u00f3n de los puertos de M\u00e9xico quedara a cargo de la Secretar\u00eda de Marina, porque es esta instituci\u00f3n la m\u00e1s preparada para defender la soberan\u00eda desde las costas y los mares de M\u00e9xico\u201d.<\/p>\n\n\n\n<p>\u201cY tambi\u00e9n en estos tiempos es, sin duda, la que garantiza el poder enfrentar las amenazas del contrabando y de la introducci\u00f3n de droga a trav\u00e9s de los puertos del Golfo y del Pac\u00edfico\u201d, asest\u00f3 el mandatario.<br><\/p>\n\n\n\n<figure class=\"wp-block-image size-large\"><img loading=\"lazy\" decoding=\"async\" width=\"1024\" height=\"682\" src=\"https:\/\/encuentroinformativo.com.mx\/wp-content\/uploads\/2021\/06\/DA331A33-2735-43F2-94C7-DC959A226948-1024x682.jpeg\" alt=\"\" class=\"wp-image-14724\" srcset=\"https:\/\/encuentroinformativo.com.mx\/wp-content\/uploads\/2021\/06\/DA331A33-2735-43F2-94C7-DC959A226948-1024x682.jpeg 1024w, https:\/\/encuentroinformativo.com.mx\/wp-content\/uploads\/2021\/06\/DA331A33-2735-43F2-94C7-DC959A226948-300x200.jpeg 300w, https:\/\/encuentroinformativo.com.mx\/wp-content\/uploads\/2021\/06\/DA331A33-2735-43F2-94C7-DC959A226948-768x512.jpeg 768w, https:\/\/encuentroinformativo.com.mx\/wp-content\/uploads\/2021\/06\/DA331A33-2735-43F2-94C7-DC959A226948.jpeg 1280w\" sizes=\"auto, (max-width: 1024px) 100vw, 1024px\" \/><\/figure>\n","protected":false},"excerpt":{"rendered":"<p>Alejandro \u00c1vila Fotos: V\u00edctor Y\u00e1\u00f1ez\/Cortes\u00eda Veracruz, Ver.- La presencia de la Secretar\u00eda de Marina en los Puertos de M\u00e9xico ayudar\u00e1 a evitar que la delincuencia organizada y los ladrones de &#8220;cuello blanco&#8221; hagan transacciones en los Puertos de la rep\u00fablica, asegur\u00f3 el presidente, Andr\u00e9s Manuel L\u00f3pez Obrador. El Comandante Supremo de las Fuerzas Armadas, encabez\u00f3 [&hellip;]<\/p>\n","protected":false},"author":1,"featured_media":14723,"comment_status":"open","ping_status":"open","sticky":false,"template":"","format":"standard","meta":{"_jetpack_memberships_contains_paid_content":false,"footnotes":""},"categories":[2],"tags":[],"class_list":["post-14722","post","type-post","status-publish","format-standard","has-post-thumbnail","hentry","category-estado"],"jetpack_featured_media_url":"https:\/\/encuentroinformativo.com.mx\/wp-content\/uploads\/2021\/06\/B99552B8-FFD8-4369-9F8C-AAA994229350.jpeg","jetpack_sharing_enabled":true,"jetpack_likes_enabled":true,"amp_enabled":true,"_links":{"self":[{"href":"https:\/\/encuentroinformativo.com.mx\/index.php?rest_route=\/wp\/v2\/posts\/14722","targetHints":{"allow":["GET"]}}],"collection":[{"href":"https:\/\/encuentroinformativo.com.mx\/index.php?rest_route=\/wp\/v2\/posts"}],"about":[{"href":"https:\/\/encuentroinformativo.com.mx\/index.php?rest_route=\/wp\/v2\/types\/post"}],"author":[{"embeddable":true,"href":"https:\/\/encuentroinformativo.com.mx\/index.php?rest_route=\/wp\/v2\/users\/1"}],"replies":[{"embeddable":true,"href":"https:\/\/encuentroinformativo.com.mx\/index.php?rest_route=%2Fwp%2Fv2%2Fcomments&post=14722"}],"version-history":[{"count":1,"href":"https:\/\/encuentroinformativo.com.mx\/index.php?rest_route=\/wp\/v2\/posts\/14722\/revisions"}],"predecessor-version":[{"id":14725,"href":"https:\/\/encuentroinformativo.com.mx\/index.php?rest_route=\/wp\/v2\/posts\/14722\/revisions\/14725"}],"wp:featuredmedia":[{"embeddable":true,"href":"https:\/\/encuentroinformativo.com.mx\/index.php?rest_route=\/wp\/v2\/media\/14723"}],"wp:attachment":[{"href":"https:\/\/encuentroinformativo.com.mx\/index.php?rest_route=%2Fwp%2Fv2%2Fmedia&parent=14722"}],"wp:term":[{"taxonomy":"category","embeddable":true,"href":"https:\/\/encuentroinformativo.com.mx\/index.php?rest_route=%2Fwp%2Fv2%2Fcategories&post=14722"},{"taxonomy":"post_tag","embeddable":true,"href":"https:\/\/encuentroinformativo.com.mx\/index.php?rest_route=%2Fwp%2Fv2%2Ftags&post=14722"}],"curies":[{"name":"wp","href":"https:\/\/api.w.org\/{rel}","templated":true}]}}