{"id":14727,"date":"2021-06-01T16:53:11","date_gmt":"2021-06-01T21:53:11","guid":{"rendered":"https:\/\/encuentroinformativo.com.mx\/?p=14727"},"modified":"2021-06-01T16:53:15","modified_gmt":"2021-06-01T21:53:15","slug":"dejan-podemos-se-suman-a-campana-de-ahued","status":"publish","type":"post","link":"https:\/\/encuentroinformativo.com.mx\/?p=14727","title":{"rendered":"Dejan Podemos, se suman a campa\u00f1a de Ahued"},"content":{"rendered":"\n<p><strong>Dar\u00edo Pale<\/strong><\/p>\n\n\n\n<p>Xalapa, Ver.- Se suman al proyecto que encabeza Ricardo Ahued Bardahuil para la presidencia municipal al considerar que es la mejor opci\u00f3n para la capital veracruzana debido a que el partido Podemos no les cumpli\u00f3 los compromisos.<\/p>\n\n\n\n<p>En conferencia de prensa realizada en conocido caf\u00e9 del centro de Xalapa militantes de Podemos en Xalapa dieron a conocer que abandonaron las filas del partido para sumarse al candidato de Morena, as\u00ed lo se\u00f1al\u00f3 Susana Salas Ortiz quien formaba parte del comit\u00e9 municipal.<\/p>\n\n\n\n<p>Se\u00f1al\u00f3 que la dirigencia del partido incumpli\u00f3 los compromisos que hab\u00edan asumido, raz\u00f3n por la cual alrededor de mil personas decidieron buscar un proyecto serio en el que realmente se busque el bienestar de los xalape\u00f1os.<\/p>\n\n\n\n<p>&#8220;Queremos que quede claro que todos nosotros nos vamos a un proyecto de una persona que realmente ama a Xalapa y conoce las necesidades de los xalape\u00f1os, que sin ser pol\u00edtico nos ha apoyado al igual que a la mayor\u00eda de los xalape\u00f1os y por ello nuestros m\u00e1s de mil votos se van con el se\u00f1or Ricardo Ahued&#8221;, se\u00f1al\u00f3.<\/p>\n\n\n\n<p>De igual forma afirmaron que se trata de una estructura importante que logr\u00f3 impulsar la creaci\u00f3n de Podemos como partido estatal sin embargo ante irregularidades presentadas al interior del instituto pol\u00edtico en donde se han favorecido a personajes cercanos a la dirigencia y no han respetado a las bases.<\/p>\n\n\n\n<p>Finalmente reiteraron que pese a las amenazas e insultos que han recibido por su decisi\u00f3n, continuar\u00e1n apoyando al proyecto encabezado por el abanderado de la alianza integrada por Morena, Partido del Trabajo (PT) y el Partido Verde Ecologista de M\u00e9xico (PVEM).<\/p>\n","protected":false},"excerpt":{"rendered":"<p>Dar\u00edo Pale Xalapa, Ver.- Se suman al proyecto que encabeza Ricardo Ahued Bardahuil para la presidencia municipal al considerar que es la mejor opci\u00f3n para la capital veracruzana debido a que el partido Podemos no les cumpli\u00f3 los compromisos. En conferencia de prensa realizada en conocido caf\u00e9 del centro de Xalapa militantes de Podemos en [&hellip;]<\/p>\n","protected":false},"author":1,"featured_media":14728,"comment_status":"open","ping_status":"open","sticky":false,"template":"","format":"standard","meta":{"_jetpack_memberships_contains_paid_content":false,"footnotes":""},"categories":[3],"tags":[],"class_list":["post-14727","post","type-post","status-publish","format-standard","has-post-thumbnail","hentry","category-xalapa"],"jetpack_featured_media_url":"https:\/\/encuentroinformativo.com.mx\/wp-content\/uploads\/2021\/06\/B7F276B9-5AC3-4B02-B2F5-2A28CAB274E4.jpeg","jetpack_sharing_enabled":true,"jetpack_likes_enabled":true,"amp_enabled":true,"_links":{"self":[{"href":"https:\/\/encuentroinformativo.com.mx\/index.php?rest_route=\/wp\/v2\/posts\/14727","targetHints":{"allow":["GET"]}}],"collection":[{"href":"https:\/\/encuentroinformativo.com.mx\/index.php?rest_route=\/wp\/v2\/posts"}],"about":[{"href":"https:\/\/encuentroinformativo.com.mx\/index.php?rest_route=\/wp\/v2\/types\/post"}],"author":[{"embeddable":true,"href":"https:\/\/encuentroinformativo.com.mx\/index.php?rest_route=\/wp\/v2\/users\/1"}],"replies":[{"embeddable":true,"href":"https:\/\/encuentroinformativo.com.mx\/index.php?rest_route=%2Fwp%2Fv2%2Fcomments&post=14727"}],"version-history":[{"count":1,"href":"https:\/\/encuentroinformativo.com.mx\/index.php?rest_route=\/wp\/v2\/posts\/14727\/revisions"}],"predecessor-version":[{"id":14729,"href":"https:\/\/encuentroinformativo.com.mx\/index.php?rest_route=\/wp\/v2\/posts\/14727\/revisions\/14729"}],"wp:featuredmedia":[{"embeddable":true,"href":"https:\/\/encuentroinformativo.com.mx\/index.php?rest_route=\/wp\/v2\/media\/14728"}],"wp:attachment":[{"href":"https:\/\/encuentroinformativo.com.mx\/index.php?rest_route=%2Fwp%2Fv2%2Fmedia&parent=14727"}],"wp:term":[{"taxonomy":"category","embeddable":true,"href":"https:\/\/encuentroinformativo.com.mx\/index.php?rest_route=%2Fwp%2Fv2%2Fcategories&post=14727"},{"taxonomy":"post_tag","embeddable":true,"href":"https:\/\/encuentroinformativo.com.mx\/index.php?rest_route=%2Fwp%2Fv2%2Ftags&post=14727"}],"curies":[{"name":"wp","href":"https:\/\/api.w.org\/{rel}","templated":true}]}}