{"id":14730,"date":"2021-06-01T17:53:10","date_gmt":"2021-06-01T22:53:10","guid":{"rendered":"https:\/\/encuentroinformativo.com.mx\/?p=14730"},"modified":"2021-06-01T17:53:15","modified_gmt":"2021-06-01T22:53:15","slug":"veracruz-peor-escenario-por-violencia-electoral-pri","status":"publish","type":"post","link":"https:\/\/encuentroinformativo.com.mx\/?p=14730","title":{"rendered":"Veracruz, peor escenario por violencia electoral: PRI"},"content":{"rendered":"\n<p><strong>Juan Arcos<\/strong><\/p>\n\n\n\n<p>Xalapa, Ver.- Veracruz enfrenta el peor escenario por violencia en este proceso electoral, consider\u00f3 el dirigente estatal del Partido Revolucionario Institucional (PRI), Marlon Ram\u00edrez Mar\u00edn.<\/p>\n\n\n\n<p>En entrevista previa a la presentaci\u00f3n de la Agenda Legislativa-Municipal 21-24, el l\u00edder del tricolor se\u00f1al\u00f3 que Veracruz ocupa el primer lugar nacional en violencia pol\u00edtica.<\/p>\n\n\n\n<p>Record\u00f3 que, el lunes 31 de mayo, polic\u00edas estatales detuvieron a Javier Castillo Viveros, presidente municipal de Alto Lucero, se\u00f1alado del delito de portaci\u00f3n ilegal de arma de fuego.<\/p>\n\n\n\n<p>\u201cAyer tambi\u00e9n un lamentable hecho fue herido el candidato del PAN q la alcald\u00eda de Yanga, Gers\u00f3n Morales, quien hab\u00eda sido nuestro presidente del Comit\u00e9 Municipal del PRI, el atentado cost\u00f3 lamentablemente la vida de una persona. El lamentable hecho de La Perla, de c\u00f3mo privaron de la vida a nuestro candidato ante la inacci\u00f3n del estado\u201d.<\/p>\n\n\n\n<p>Critic\u00f3 que haya una persecuci\u00f3n pol\u00edtica en contra de los candidatos de aposici\u00f3n, misma que ha dejado varios asesinados por bandas del crimen organizado.<\/p>\n\n\n\n<p>Ram\u00edrez Mar\u00edn record\u00f3 que fueron agredidos militantes del PRI en Huatusco, adem\u00e1s de que un grupo de este partido fue perseguido por hacer proselitismo.<\/p>\n\n\n\n<p>Tambi\u00e9n denunci\u00f3 que el gobierno no se ocupa en garantizar la seguridad de los ciudadanos, pues est\u00e1 m\u00e1s preocupado porque las encuestas rumbo al domingo no favorecen a su partido.<\/p>\n\n\n\n<p>\u201cEllos saben que esta alianza a nivel nacional y muy fortalecida en Veracruz ha hecho comuni\u00f3n con la ciudadan\u00eda para regresar los fondos federales, para restablecer los fideicomisos y las estancias infantiles, para restablecer un estado de derecho\u201d, remat\u00f3.<\/p>\n","protected":false},"excerpt":{"rendered":"<p>Juan Arcos Xalapa, Ver.- Veracruz enfrenta el peor escenario por violencia en este proceso electoral, consider\u00f3 el dirigente estatal del Partido Revolucionario Institucional (PRI), Marlon Ram\u00edrez Mar\u00edn. En entrevista previa a la presentaci\u00f3n de la Agenda Legislativa-Municipal 21-24, el l\u00edder del tricolor se\u00f1al\u00f3 que Veracruz ocupa el primer lugar nacional en violencia pol\u00edtica. Record\u00f3 que, [&hellip;]<\/p>\n","protected":false},"author":1,"featured_media":14731,"comment_status":"open","ping_status":"open","sticky":false,"template":"","format":"standard","meta":{"_jetpack_memberships_contains_paid_content":false,"footnotes":""},"categories":[2],"tags":[],"class_list":["post-14730","post","type-post","status-publish","format-standard","has-post-thumbnail","hentry","category-estado"],"jetpack_featured_media_url":"https:\/\/encuentroinformativo.com.mx\/wp-content\/uploads\/2021\/06\/EB2101AD-D447-4A54-9788-E91B01FA6091.jpeg","jetpack_sharing_enabled":true,"jetpack_likes_enabled":true,"amp_enabled":true,"_links":{"self":[{"href":"https:\/\/encuentroinformativo.com.mx\/index.php?rest_route=\/wp\/v2\/posts\/14730","targetHints":{"allow":["GET"]}}],"collection":[{"href":"https:\/\/encuentroinformativo.com.mx\/index.php?rest_route=\/wp\/v2\/posts"}],"about":[{"href":"https:\/\/encuentroinformativo.com.mx\/index.php?rest_route=\/wp\/v2\/types\/post"}],"author":[{"embeddable":true,"href":"https:\/\/encuentroinformativo.com.mx\/index.php?rest_route=\/wp\/v2\/users\/1"}],"replies":[{"embeddable":true,"href":"https:\/\/encuentroinformativo.com.mx\/index.php?rest_route=%2Fwp%2Fv2%2Fcomments&post=14730"}],"version-history":[{"count":1,"href":"https:\/\/encuentroinformativo.com.mx\/index.php?rest_route=\/wp\/v2\/posts\/14730\/revisions"}],"predecessor-version":[{"id":14732,"href":"https:\/\/encuentroinformativo.com.mx\/index.php?rest_route=\/wp\/v2\/posts\/14730\/revisions\/14732"}],"wp:featuredmedia":[{"embeddable":true,"href":"https:\/\/encuentroinformativo.com.mx\/index.php?rest_route=\/wp\/v2\/media\/14731"}],"wp:attachment":[{"href":"https:\/\/encuentroinformativo.com.mx\/index.php?rest_route=%2Fwp%2Fv2%2Fmedia&parent=14730"}],"wp:term":[{"taxonomy":"category","embeddable":true,"href":"https:\/\/encuentroinformativo.com.mx\/index.php?rest_route=%2Fwp%2Fv2%2Fcategories&post=14730"},{"taxonomy":"post_tag","embeddable":true,"href":"https:\/\/encuentroinformativo.com.mx\/index.php?rest_route=%2Fwp%2Fv2%2Ftags&post=14730"}],"curies":[{"name":"wp","href":"https:\/\/api.w.org\/{rel}","templated":true}]}}