{"id":14757,"date":"2021-06-02T13:58:41","date_gmt":"2021-06-02T18:58:41","guid":{"rendered":"https:\/\/encuentroinformativo.com.mx\/?p=14757"},"modified":"2021-06-02T13:58:46","modified_gmt":"2021-06-02T18:58:46","slug":"joven-acusa-a-policias-de-involucrarlo-en-robo","status":"publish","type":"post","link":"https:\/\/encuentroinformativo.com.mx\/?p=14757","title":{"rendered":"Joven acusa a polic\u00edas de involucrarlo en robo"},"content":{"rendered":"\n<p><strong>Juan Arcos<\/strong><\/p>\n\n\n\n<p>Xalapa, Ver.- Abelardo, un joven originario del municipio de \u00c1ngel R. Cabada, protest\u00f3 frente a Palacio de Gobierno para denunciar que que fue incriminado en el robo de una camioneta, solo porque pasaban sobre el lugar donde hab\u00eda ocurrido el atraco.<\/p>\n\n\n\n<p>El entrevistado se plant\u00f3 en Plaza Sebasti\u00e1n Lerdo de Tejada, donde narr\u00f3 que el robo fue a una unidad de una empresa de paqueter\u00eda en la comunidad Ca\u00f1a Amarilla, donde fueron arrestados dos sospechosos; sin embargo, el profesor fue se\u00f1alado e incriminado.<\/p>\n\n\n\n<p>Detall\u00f3 que cuando iba cruzando la calle, observ\u00f3 un operativo de la Polic\u00eda Municipal y, al escuchar detonaciones de arma de fuego, corri\u00f3 para resguardarse, lo que caus\u00f3 sospecha en los oficiales y lo detuvieron.<\/p>\n\n\n\n<p>Acus\u00f3 a la Fiscal cuarta de San Andr\u00e9s Tuxtla, Martha Leticia, de haberlo incriminado sin que hayan sido presentadas pruebas contundentes que realmente lo responsabilicen en el caso.<\/p>\n\n\n\n<p>Por tal motivo, pidi\u00f3 el apoyo del gobernador Cuitl\u00e1huac Garc\u00eda Jim\u00e9nez, para que haya justicia en el caso, toda vez que tampoco las declaraciones de los polic\u00edas coinciden con lo que realmente ocurri\u00f3.<\/p>\n\n\n\n<p>Abelardo obtuvo su libertad pero en la actualidad enfrenta un proceso judicial por ser sospechoso y consider\u00f3 que en las investigaciones buscan involucrarlo nuevamente.<\/p>\n\n\n\n<p>El docente teme por su seguridad y la de su familia. Adem\u00e1s, refiri\u00f3 que las investigaciones podr\u00edan concluir dictando una orden de aprehensi\u00f3n en su contra, situaci\u00f3n que consider\u00f3 una injusticia.<\/p>\n","protected":false},"excerpt":{"rendered":"<p>Juan Arcos Xalapa, Ver.- Abelardo, un joven originario del municipio de \u00c1ngel R. Cabada, protest\u00f3 frente a Palacio de Gobierno para denunciar que que fue incriminado en el robo de una camioneta, solo porque pasaban sobre el lugar donde hab\u00eda ocurrido el atraco. El entrevistado se plant\u00f3 en Plaza Sebasti\u00e1n Lerdo de Tejada, donde narr\u00f3 [&hellip;]<\/p>\n","protected":false},"author":1,"featured_media":14758,"comment_status":"open","ping_status":"open","sticky":false,"template":"","format":"standard","meta":{"_jetpack_memberships_contains_paid_content":false,"footnotes":""},"categories":[2],"tags":[],"class_list":["post-14757","post","type-post","status-publish","format-standard","has-post-thumbnail","hentry","category-estado"],"jetpack_featured_media_url":"https:\/\/encuentroinformativo.com.mx\/wp-content\/uploads\/2021\/06\/BDD20338-1B0E-48DF-A38B-224ABC72B539.jpeg","jetpack_sharing_enabled":true,"jetpack_likes_enabled":true,"amp_enabled":true,"_links":{"self":[{"href":"https:\/\/encuentroinformativo.com.mx\/index.php?rest_route=\/wp\/v2\/posts\/14757","targetHints":{"allow":["GET"]}}],"collection":[{"href":"https:\/\/encuentroinformativo.com.mx\/index.php?rest_route=\/wp\/v2\/posts"}],"about":[{"href":"https:\/\/encuentroinformativo.com.mx\/index.php?rest_route=\/wp\/v2\/types\/post"}],"author":[{"embeddable":true,"href":"https:\/\/encuentroinformativo.com.mx\/index.php?rest_route=\/wp\/v2\/users\/1"}],"replies":[{"embeddable":true,"href":"https:\/\/encuentroinformativo.com.mx\/index.php?rest_route=%2Fwp%2Fv2%2Fcomments&post=14757"}],"version-history":[{"count":1,"href":"https:\/\/encuentroinformativo.com.mx\/index.php?rest_route=\/wp\/v2\/posts\/14757\/revisions"}],"predecessor-version":[{"id":14759,"href":"https:\/\/encuentroinformativo.com.mx\/index.php?rest_route=\/wp\/v2\/posts\/14757\/revisions\/14759"}],"wp:featuredmedia":[{"embeddable":true,"href":"https:\/\/encuentroinformativo.com.mx\/index.php?rest_route=\/wp\/v2\/media\/14758"}],"wp:attachment":[{"href":"https:\/\/encuentroinformativo.com.mx\/index.php?rest_route=%2Fwp%2Fv2%2Fmedia&parent=14757"}],"wp:term":[{"taxonomy":"category","embeddable":true,"href":"https:\/\/encuentroinformativo.com.mx\/index.php?rest_route=%2Fwp%2Fv2%2Fcategories&post=14757"},{"taxonomy":"post_tag","embeddable":true,"href":"https:\/\/encuentroinformativo.com.mx\/index.php?rest_route=%2Fwp%2Fv2%2Ftags&post=14757"}],"curies":[{"name":"wp","href":"https:\/\/api.w.org\/{rel}","templated":true}]}}