{"id":1476,"date":"2020-03-31T15:10:56","date_gmt":"2020-03-31T21:10:56","guid":{"rendered":"https:\/\/encuentroinformativo.com\/?p=1476"},"modified":"2020-03-31T15:10:58","modified_gmt":"2020-03-31T21:10:58","slug":"ayuntamiento-sin-recursos-para-contingencia-segun-edil","status":"publish","type":"post","link":"https:\/\/encuentroinformativo.com.mx\/?p=1476","title":{"rendered":"Ayuntamiento sin recursos para contingencia, seg\u00fan edil"},"content":{"rendered":"\n<p><strong>Dar\u00edo Pale<\/strong><\/p>\n\n\n\n<p>Xalapa,\nVer.- El regidor Juan Gabriel Fern\u00e1ndez Garibay dio a conocer que desafortunadamente\nel ayuntamiento de Xalapa no cuenta con una partida para atender contingencias\npor lo que est\u00e1n buscando la forma de atender la emergencia sanitaria originada\npor el Covid-19.<\/p>\n\n\n\n<p>Entrevistado\nen los pasillos de conocido caf\u00e9 del centro de Xalapa, el edil indic\u00f3 que en\neste momento el municipio tiene que ver las acciones y ejercer lo m\u00e1s r\u00e1pido\nque se pueda al presupuesto para que haya circulante para que all\u00e1\nempleo.&nbsp;<\/p>\n\n\n\n<p>Indic\u00f3\nque a trav\u00e9s del programa <em>\u201cFuncionario\nSolidario\u201d<\/em> est\u00e1n recibiendo las primeras donaciones porque la idea es\nayudar y ser solidarios con los dem\u00e1s.&nbsp;<\/p>\n\n\n\n<p>Asegur\u00f3\nque el mismo no tiene un tinte pol\u00edtico.&nbsp;<\/p>\n\n\n\n<p>\u201cEsto\nnace por un \u00e1rea del gobierno que responsablemente ve la situaci\u00f3n que tiene en\nestos momentos, una situaci\u00f3n que est\u00e1 por encima de un trabajador normal\nporque tiene garantizado su salar\u201d, se\u00f1al\u00f3.<\/p>\n\n\n\n<p>Refiri\u00f3\nque la direcci\u00f3n de Desarrollo Econ\u00f3mico ha analizado el presupuesto y est\u00e1n\nbuscando canalizar el recurso que no se utilice en el \u00e1rea para atender la\ncontingencia y empleos temporales o ayuda a la poblaci\u00f3n.<\/p>\n","protected":false},"excerpt":{"rendered":"<p>Dar\u00edo Pale Xalapa, Ver.- El regidor Juan Gabriel Fern\u00e1ndez Garibay dio a conocer que desafortunadamente el ayuntamiento de Xalapa no cuenta con una partida para atender contingencias por lo que est\u00e1n buscando la forma de atender la emergencia sanitaria originada por el Covid-19. Entrevistado en los pasillos de conocido caf\u00e9 del centro de Xalapa, el [&hellip;]<\/p>\n","protected":false},"author":1,"featured_media":1475,"comment_status":"open","ping_status":"open","sticky":false,"template":"","format":"standard","meta":{"_jetpack_memberships_contains_paid_content":false,"footnotes":""},"categories":[3],"tags":[],"class_list":["post-1476","post","type-post","status-publish","format-standard","has-post-thumbnail","hentry","category-xalapa"],"jetpack_featured_media_url":"https:\/\/encuentroinformativo.com.mx\/wp-content\/uploads\/2020\/03\/8AF15FBF-A15E-4E71-A3D1-797E1206DD3D.jpeg","jetpack_sharing_enabled":true,"jetpack_likes_enabled":true,"amp_enabled":true,"_links":{"self":[{"href":"https:\/\/encuentroinformativo.com.mx\/index.php?rest_route=\/wp\/v2\/posts\/1476","targetHints":{"allow":["GET"]}}],"collection":[{"href":"https:\/\/encuentroinformativo.com.mx\/index.php?rest_route=\/wp\/v2\/posts"}],"about":[{"href":"https:\/\/encuentroinformativo.com.mx\/index.php?rest_route=\/wp\/v2\/types\/post"}],"author":[{"embeddable":true,"href":"https:\/\/encuentroinformativo.com.mx\/index.php?rest_route=\/wp\/v2\/users\/1"}],"replies":[{"embeddable":true,"href":"https:\/\/encuentroinformativo.com.mx\/index.php?rest_route=%2Fwp%2Fv2%2Fcomments&post=1476"}],"version-history":[{"count":1,"href":"https:\/\/encuentroinformativo.com.mx\/index.php?rest_route=\/wp\/v2\/posts\/1476\/revisions"}],"predecessor-version":[{"id":1477,"href":"https:\/\/encuentroinformativo.com.mx\/index.php?rest_route=\/wp\/v2\/posts\/1476\/revisions\/1477"}],"wp:featuredmedia":[{"embeddable":true,"href":"https:\/\/encuentroinformativo.com.mx\/index.php?rest_route=\/wp\/v2\/media\/1475"}],"wp:attachment":[{"href":"https:\/\/encuentroinformativo.com.mx\/index.php?rest_route=%2Fwp%2Fv2%2Fmedia&parent=1476"}],"wp:term":[{"taxonomy":"category","embeddable":true,"href":"https:\/\/encuentroinformativo.com.mx\/index.php?rest_route=%2Fwp%2Fv2%2Fcategories&post=1476"},{"taxonomy":"post_tag","embeddable":true,"href":"https:\/\/encuentroinformativo.com.mx\/index.php?rest_route=%2Fwp%2Fv2%2Ftags&post=1476"}],"curies":[{"name":"wp","href":"https:\/\/api.w.org\/{rel}","templated":true}]}}