{"id":14774,"date":"2021-06-02T16:33:37","date_gmt":"2021-06-02T21:33:37","guid":{"rendered":"https:\/\/encuentroinformativo.com.mx\/?p=14774"},"modified":"2021-06-02T16:33:41","modified_gmt":"2021-06-02T21:33:41","slug":"zona-sur-de-veracruz-riesgo-para-transporte-de-carga-canacar","status":"publish","type":"post","link":"https:\/\/encuentroinformativo.com.mx\/?p=14774","title":{"rendered":"Zona sur de Veracruz, riesgo para transporte de carga: Canacar"},"content":{"rendered":"\n<p><strong>Juan Arcos<\/strong> <\/p>\n\n\n\n<p>Xalapa, Ver.- Veracruz es el segundo estado de la Rep\u00fablica Mexicana que registra el mayor n\u00famero de robos a tr\u00e1ileres o unidades de carga pesada, durante este a\u00f1o.<\/p>\n\n\n\n<p>A la fecha se han contabilizado 380 casos, siendo la zona sur de la entidad la m\u00e1s insegura para dicho sector de la poblaci\u00f3n.<\/p>\n\n\n\n<p>As\u00ed lo dio a conocer el presidente de la C\u00e1mara Nacional de Autotransporte de Carga (Canacar), Enrique Armando Gonz\u00e1lez Mu\u00f1oz, quien a\u00f1adi\u00f3 que, en algunos casos, los choferes han sido golpeados cuando son asaltados.<\/p>\n\n\n\n<p>\u201cLamentablemente despu\u00e9s del estado de M\u00e9xico, la entidad donde m\u00e1s robos se presentan es el estado de Veracruz, sobre todo en el sur, por el tipo de productos de hidrocarburo, se roban los camiones, porque tenemos una de las refiner\u00edas m\u00e1s importantes en el sur del estado&#8221;, expres\u00f3 el l\u00edder empresarial.<\/p>\n\n\n\n<p>El entrevistado detall\u00f3 que han sido detectados focos rojos, donde ocurre el mayor n\u00famero de atracos.<\/p>\n\n\n\n<p>Adem\u00e1s de la zona sur de la entidad, el problema tambi\u00e9n es constante en los l\u00edmites de Veracruz con el estado de Puebla.<br>Gonz\u00e1lez Mu\u00f1oz detall\u00f3 que el 60 por ciento del total de la mercanc\u00eda en el pa\u00eds es trasladada mediante unidades de carga pesada.<\/p>\n\n\n\n<p>Se\u00f1al\u00f3 que el 40 por ciento restante de la mercanc\u00eda es transportada en tren o v\u00eda mar\u00edtima.<\/p>\n\n\n\n<p>Por otra parte, el Presidente de la C\u00e1mara Nacional de Autotransporte de Carga se\u00f1al\u00f3 que las condiciones de las carreteras son deplorables y est\u00e1 situaci\u00f3n dificulta el trasladado de las unidades.<\/p>\n\n\n\n<p><strong>CIFRAS OFICIALES NO COINCIDEN\u00a0<\/strong><\/p>\n\n\n\n<p>Cabe mencionar que, de acuerdo con cifras oficiales, s\u00f3lo han sido presentadas 79 denuncias durante el primer cuatrimestre del a\u00f1o por casos de robo a transportista.<\/p>\n\n\n\n<p>El Informe de Incidencia Delictiva 2021 del Secretariado Ejecutivo del Sistema Nacional de Seguridad P\u00fablica (SESNSP) revela que 62 casos se dieron con violencia y 17 sin violencia.<\/p>\n\n\n\n<p>A nivel nacional se reportan 2 mil 722 robos a transportista, de los cuales 2 mil 307 ocurrieron com violencia y 415 sin violencia.<\/p>\n","protected":false},"excerpt":{"rendered":"<p>Juan Arcos Xalapa, Ver.- Veracruz es el segundo estado de la Rep\u00fablica Mexicana que registra el mayor n\u00famero de robos a tr\u00e1ileres o unidades de carga pesada, durante este a\u00f1o. A la fecha se han contabilizado 380 casos, siendo la zona sur de la entidad la m\u00e1s insegura para dicho sector de la poblaci\u00f3n. As\u00ed [&hellip;]<\/p>\n","protected":false},"author":1,"featured_media":14775,"comment_status":"open","ping_status":"open","sticky":false,"template":"","format":"standard","meta":{"_jetpack_memberships_contains_paid_content":false,"footnotes":""},"categories":[2],"tags":[],"class_list":["post-14774","post","type-post","status-publish","format-standard","has-post-thumbnail","hentry","category-estado"],"jetpack_featured_media_url":"https:\/\/encuentroinformativo.com.mx\/wp-content\/uploads\/2021\/06\/DC8A42B7-8E2F-40E2-947E-818EDE1A32ED.jpeg","jetpack_sharing_enabled":true,"jetpack_likes_enabled":true,"amp_enabled":true,"_links":{"self":[{"href":"https:\/\/encuentroinformativo.com.mx\/index.php?rest_route=\/wp\/v2\/posts\/14774","targetHints":{"allow":["GET"]}}],"collection":[{"href":"https:\/\/encuentroinformativo.com.mx\/index.php?rest_route=\/wp\/v2\/posts"}],"about":[{"href":"https:\/\/encuentroinformativo.com.mx\/index.php?rest_route=\/wp\/v2\/types\/post"}],"author":[{"embeddable":true,"href":"https:\/\/encuentroinformativo.com.mx\/index.php?rest_route=\/wp\/v2\/users\/1"}],"replies":[{"embeddable":true,"href":"https:\/\/encuentroinformativo.com.mx\/index.php?rest_route=%2Fwp%2Fv2%2Fcomments&post=14774"}],"version-history":[{"count":1,"href":"https:\/\/encuentroinformativo.com.mx\/index.php?rest_route=\/wp\/v2\/posts\/14774\/revisions"}],"predecessor-version":[{"id":14776,"href":"https:\/\/encuentroinformativo.com.mx\/index.php?rest_route=\/wp\/v2\/posts\/14774\/revisions\/14776"}],"wp:featuredmedia":[{"embeddable":true,"href":"https:\/\/encuentroinformativo.com.mx\/index.php?rest_route=\/wp\/v2\/media\/14775"}],"wp:attachment":[{"href":"https:\/\/encuentroinformativo.com.mx\/index.php?rest_route=%2Fwp%2Fv2%2Fmedia&parent=14774"}],"wp:term":[{"taxonomy":"category","embeddable":true,"href":"https:\/\/encuentroinformativo.com.mx\/index.php?rest_route=%2Fwp%2Fv2%2Fcategories&post=14774"},{"taxonomy":"post_tag","embeddable":true,"href":"https:\/\/encuentroinformativo.com.mx\/index.php?rest_route=%2Fwp%2Fv2%2Ftags&post=14774"}],"curies":[{"name":"wp","href":"https:\/\/api.w.org\/{rel}","templated":true}]}}