{"id":14780,"date":"2021-06-02T18:29:47","date_gmt":"2021-06-02T23:29:47","guid":{"rendered":"https:\/\/encuentroinformativo.com.mx\/?p=14780"},"modified":"2021-06-02T18:29:52","modified_gmt":"2021-06-02T23:29:52","slug":"respalda-ricardo-anaya-candidatura-de-miguel-hermida","status":"publish","type":"post","link":"https:\/\/encuentroinformativo.com.mx\/?p=14780","title":{"rendered":"Respalda Ricardo Anaya candidatura de Miguel Hermida"},"content":{"rendered":"\n<p><strong>Alejandro \u00c1vila<\/strong><\/p>\n\n\n\n<p>Veracruz, Ver.- El ex candidato a la presidencia de la rep\u00fablica, Ricardo Anaya Cort\u00e9s, envi\u00f3 un video donde respalda y pide el voto para el candidato de la alianza &#8220;Veracruz Va&#8221; en el distrito XV de Veracruz, Miguel Hermida Copado.<\/p>\n\n\n\n<p>El panista exhort\u00f3 a los veracruzanos a salir a votar este domingo 6 de junio, pues asegur\u00f3 &#8220;es mucho lo que nos jugamos&#8221;, ya que afirm\u00f3 Veracruz y M\u00e9xico no van bien.<\/p>\n\n\n\n<p>&#8220;Ustedes lo han sentido en la falta de empleo, en la baja econ\u00f3mica, en la mala atenci\u00f3n de la salud, tambi\u00e9n en la imposici\u00f3n de decisiones que resultan en tragedias y desastres. Por eso necesitamos diputados valientes, que hagan un contrapeso al autoritarismo del Poder Ejecutivo, diputados valientes como Miguel Hermida, que pongan primero los derechos de la gente, y no los intereses del gobernador y su partido&#8221;, asest\u00f3.<\/p>\n\n\n\n<p>Finalmente, resalt\u00f3 que el pr\u00f3ximo domingo, el voto decidir\u00e1 el futuro del municipio de Veracruz, y recalc\u00f3 que los candidatos de la alianza &#8220;Veracruz Va&#8221;, son la mejor opci\u00f3n.<\/p>\n","protected":false},"excerpt":{"rendered":"<p>Alejandro \u00c1vila Veracruz, Ver.- El ex candidato a la presidencia de la rep\u00fablica, Ricardo Anaya Cort\u00e9s, envi\u00f3 un video donde respalda y pide el voto para el candidato de la alianza &#8220;Veracruz Va&#8221; en el distrito XV de Veracruz, Miguel Hermida Copado. El panista exhort\u00f3 a los veracruzanos a salir a votar este domingo 6 [&hellip;]<\/p>\n","protected":false},"author":1,"featured_media":14781,"comment_status":"open","ping_status":"open","sticky":false,"template":"","format":"standard","meta":{"_jetpack_memberships_contains_paid_content":false,"footnotes":""},"categories":[2],"tags":[],"class_list":["post-14780","post","type-post","status-publish","format-standard","has-post-thumbnail","hentry","category-estado"],"jetpack_featured_media_url":"https:\/\/encuentroinformativo.com.mx\/wp-content\/uploads\/2021\/06\/D15D59D5-DB96-4D71-96F6-DFD5D4A5889C.jpeg","jetpack_sharing_enabled":true,"jetpack_likes_enabled":true,"amp_enabled":true,"_links":{"self":[{"href":"https:\/\/encuentroinformativo.com.mx\/index.php?rest_route=\/wp\/v2\/posts\/14780","targetHints":{"allow":["GET"]}}],"collection":[{"href":"https:\/\/encuentroinformativo.com.mx\/index.php?rest_route=\/wp\/v2\/posts"}],"about":[{"href":"https:\/\/encuentroinformativo.com.mx\/index.php?rest_route=\/wp\/v2\/types\/post"}],"author":[{"embeddable":true,"href":"https:\/\/encuentroinformativo.com.mx\/index.php?rest_route=\/wp\/v2\/users\/1"}],"replies":[{"embeddable":true,"href":"https:\/\/encuentroinformativo.com.mx\/index.php?rest_route=%2Fwp%2Fv2%2Fcomments&post=14780"}],"version-history":[{"count":1,"href":"https:\/\/encuentroinformativo.com.mx\/index.php?rest_route=\/wp\/v2\/posts\/14780\/revisions"}],"predecessor-version":[{"id":14782,"href":"https:\/\/encuentroinformativo.com.mx\/index.php?rest_route=\/wp\/v2\/posts\/14780\/revisions\/14782"}],"wp:featuredmedia":[{"embeddable":true,"href":"https:\/\/encuentroinformativo.com.mx\/index.php?rest_route=\/wp\/v2\/media\/14781"}],"wp:attachment":[{"href":"https:\/\/encuentroinformativo.com.mx\/index.php?rest_route=%2Fwp%2Fv2%2Fmedia&parent=14780"}],"wp:term":[{"taxonomy":"category","embeddable":true,"href":"https:\/\/encuentroinformativo.com.mx\/index.php?rest_route=%2Fwp%2Fv2%2Fcategories&post=14780"},{"taxonomy":"post_tag","embeddable":true,"href":"https:\/\/encuentroinformativo.com.mx\/index.php?rest_route=%2Fwp%2Fv2%2Ftags&post=14780"}],"curies":[{"name":"wp","href":"https:\/\/api.w.org\/{rel}","templated":true}]}}