{"id":14790,"date":"2021-06-02T22:10:52","date_gmt":"2021-06-03T03:10:52","guid":{"rendered":"https:\/\/encuentroinformativo.com.mx\/?p=14790"},"modified":"2021-06-02T22:11:32","modified_gmt":"2021-06-03T03:11:32","slug":"confia-manuel-rosendo-en-repetir-en-san-andres","status":"publish","type":"post","link":"https:\/\/encuentroinformativo.com.mx\/?p=14790","title":{"rendered":"Conf\u00eda Manuel Rosendo en repetir en San Andr\u00e9s"},"content":{"rendered":"\n<p>San Andr\u00e9s Tuxtla, Ver.- Con una reuni\u00f3n \u201cde amigos\u201d as\u00ed calific\u00f3 Manuel Rosendo Pelayo su cierre de campa\u00f1a a la alcald\u00eda de San Andr\u00e9s Tuxtla.<\/p>\n\n\n\n<p>El abanderado de la alianza PAN-PRI y PRD afirm\u00f3 que no hubo acarreados ni d\u00e1divas y que asistieron \u201clos amigos de Chendo\u201d como lo conocen en su localidad.<\/p>\n\n\n\n<p>Motivo por el cual dijo confiar en que sus paisanos lo favorezcan con el voto el pr\u00f3ximo domingo seis de junio para ocupar por segunda ocasi\u00f3n la presidencia municipal de su natal San Andr\u00e9s.<\/p>\n\n\n\n<figure class=\"wp-block-image size-large\"><img loading=\"lazy\" decoding=\"async\" width=\"576\" height=\"1024\" src=\"https:\/\/encuentroinformativo.com.mx\/wp-content\/uploads\/2021\/06\/DA737446-BCA5-4D2B-A6B8-CC886B1084E7-576x1024.jpeg\" alt=\"\" class=\"wp-image-14793\" srcset=\"https:\/\/encuentroinformativo.com.mx\/wp-content\/uploads\/2021\/06\/DA737446-BCA5-4D2B-A6B8-CC886B1084E7-576x1024.jpeg 576w, https:\/\/encuentroinformativo.com.mx\/wp-content\/uploads\/2021\/06\/DA737446-BCA5-4D2B-A6B8-CC886B1084E7-169x300.jpeg 169w, https:\/\/encuentroinformativo.com.mx\/wp-content\/uploads\/2021\/06\/DA737446-BCA5-4D2B-A6B8-CC886B1084E7.jpeg 720w\" sizes=\"auto, (max-width: 576px) 100vw, 576px\" \/><\/figure>\n","protected":false},"excerpt":{"rendered":"<p>San Andr\u00e9s Tuxtla, Ver.- Con una reuni\u00f3n \u201cde amigos\u201d as\u00ed calific\u00f3 Manuel Rosendo Pelayo su cierre de campa\u00f1a a la alcald\u00eda de San Andr\u00e9s Tuxtla. El abanderado de la alianza PAN-PRI y PRD afirm\u00f3 que no hubo acarreados ni d\u00e1divas y que asistieron \u201clos amigos de Chendo\u201d como lo conocen en su localidad. Motivo por [&hellip;]<\/p>\n","protected":false},"author":1,"featured_media":14791,"comment_status":"open","ping_status":"open","sticky":false,"template":"","format":"standard","meta":{"_jetpack_memberships_contains_paid_content":false,"footnotes":""},"categories":[2],"tags":[],"class_list":["post-14790","post","type-post","status-publish","format-standard","has-post-thumbnail","hentry","category-estado"],"jetpack_featured_media_url":"https:\/\/encuentroinformativo.com.mx\/wp-content\/uploads\/2021\/06\/B5429829-2EAA-4895-82E6-43F38F5184C6.jpeg","jetpack_sharing_enabled":true,"jetpack_likes_enabled":true,"amp_enabled":true,"_links":{"self":[{"href":"https:\/\/encuentroinformativo.com.mx\/index.php?rest_route=\/wp\/v2\/posts\/14790","targetHints":{"allow":["GET"]}}],"collection":[{"href":"https:\/\/encuentroinformativo.com.mx\/index.php?rest_route=\/wp\/v2\/posts"}],"about":[{"href":"https:\/\/encuentroinformativo.com.mx\/index.php?rest_route=\/wp\/v2\/types\/post"}],"author":[{"embeddable":true,"href":"https:\/\/encuentroinformativo.com.mx\/index.php?rest_route=\/wp\/v2\/users\/1"}],"replies":[{"embeddable":true,"href":"https:\/\/encuentroinformativo.com.mx\/index.php?rest_route=%2Fwp%2Fv2%2Fcomments&post=14790"}],"version-history":[{"count":2,"href":"https:\/\/encuentroinformativo.com.mx\/index.php?rest_route=\/wp\/v2\/posts\/14790\/revisions"}],"predecessor-version":[{"id":14794,"href":"https:\/\/encuentroinformativo.com.mx\/index.php?rest_route=\/wp\/v2\/posts\/14790\/revisions\/14794"}],"wp:featuredmedia":[{"embeddable":true,"href":"https:\/\/encuentroinformativo.com.mx\/index.php?rest_route=\/wp\/v2\/media\/14791"}],"wp:attachment":[{"href":"https:\/\/encuentroinformativo.com.mx\/index.php?rest_route=%2Fwp%2Fv2%2Fmedia&parent=14790"}],"wp:term":[{"taxonomy":"category","embeddable":true,"href":"https:\/\/encuentroinformativo.com.mx\/index.php?rest_route=%2Fwp%2Fv2%2Fcategories&post=14790"},{"taxonomy":"post_tag","embeddable":true,"href":"https:\/\/encuentroinformativo.com.mx\/index.php?rest_route=%2Fwp%2Fv2%2Ftags&post=14790"}],"curies":[{"name":"wp","href":"https:\/\/api.w.org\/{rel}","templated":true}]}}