{"id":14795,"date":"2021-06-03T09:28:50","date_gmt":"2021-06-03T14:28:50","guid":{"rendered":"https:\/\/encuentroinformativo.com.mx\/?p=14795"},"modified":"2021-06-03T09:28:53","modified_gmt":"2021-06-03T14:28:53","slug":"candidatos-a-recibir-violencia","status":"publish","type":"post","link":"https:\/\/encuentroinformativo.com.mx\/?p=14795","title":{"rendered":"Candidatos\u2026 a recibir violencia"},"content":{"rendered":"\n<p><strong>Los Pol\u00edticos<\/strong><\/p>\n\n\n\n<p><strong>Salvador Mu\u00f1oz<\/strong><\/p>\n\n\n\n<p>Creo que ya envejec\u00ed\u2026 tantos amigos y conocidos, de diferentes partidos, de diferentes siglas, de diferentes colores, se disputan un cargo de representaci\u00f3n popular este domingo.<\/p>\n\n\n\n<p>A ellos, no tengo m\u00e1s que decirles \u00a1suerte! \u00a1mucha suerte en sus sue\u00f1os! que los que no los alcancen, tengan la paciencia, humildad y serenidad, para reconocer que no bastaron las buenas intenciones; los que los alcancen, vuelvan a retomar cada una de las propuestas que expresaron a esas personas que con su voto, creyeron en \u00e9l, pero en esta ocasi\u00f3n, se las repitan a s\u00ed mismos como un ejercicio personal de comprometerse a cumplir lo prometido\u2026 creo que a estas alturas, debemos dejar a un lado el \u201cPrometer hasta meter; y una vez metido, olvidar lo prometido\u201d&#8230; las circunstancias obligan a nuestros futuros representantes, del partido que sea, a ser m\u00e1s serios, no en su actuar, sea en los Congresos local, federal o presidencias municipales, sino en los compromisos contra\u00eddos con una sociedad que les vuelve a dar una oportunidad, ya sea a su persona, ya sea a su partido\u2026<\/p>\n\n\n\n<p>Ahora, en verdad celebro que todos y cada uno de mis amigos y conocidos hayan llegado a este punto sanos y salvos\u2026 s\u00ed, hubo uno que se enferm\u00f3 por Covid pero se recuper\u00f3 para seguir en la talacha. En realidad, mi celebraci\u00f3n va m\u00e1s all\u00e1 de alguna enfermedad.<\/p>\n\n\n\n<p>Las elecciones, hasta donde tengo memoria, siempre se han caracterizado por la pasi\u00f3n que desborda a las partes en contienda. Podemos recordar confrontaciones verbales y algunas, hasta con golpes\u2026&nbsp;<\/p>\n\n\n\n<p>Lugar aparte merece el llamado Magnicidio. Es inherente ya en nuestra historia, en nuestra memoria, en nuestras elecciones, el homicidio de Luis Donaldo Colosio, hecho que marc\u00f3 ese 1994. Hablamos de la violencia que sacudi\u00f3 a M\u00e9xico con un asesinato en un candidato. Lo incre\u00edble es lo que hoy vivimos en este proceso electoral, de Veracruz extendi\u00e9ndose a lo largo y ancho del Pa\u00eds y del Pa\u00eds, alcanzando a Veracruz.<\/p>\n\n\n\n<p>En este siglo, no recuerdo por m\u00e1s que le pienso, alguna elecci\u00f3n tan expuesta a la violencia como la que hoy se sufre.<\/p>\n\n\n\n<p>La violencia no respeta g\u00e9nero\u2026 lo mismo candidatos que candidatas son v\u00edctimas de este monstruo que se apodera del pa\u00eds y pareciera que pretende apoderarse de las elecciones\u2026 sembrar miedo\u2026 De la incertidumbre econ\u00f3mica, pasamos a la incertidumbre electoral&#8230;<\/p>\n\n\n\n<p>Nunca como ahora, el pretender o ser Candidato, dej\u00f3 de ser la posibilidad de alcanzar un cargo de representaci\u00f3n popular, para pasar a traer una Diana en las espaldas, para ser blanco de amenazas, atentados o en en el peor de los escenarios, ser asesinado.<\/p>\n\n\n\n<p>Es decir, hoy pareciera que se es Candidato a la violencia que en estos \u00faltimos d\u00edas, ha asentado sus reales en Veracruz.<\/p>\n\n\n\n<p>Mi solidaridad con aquellos candidatos que ante las amenazas y en aras de proteger su integridad as\u00ed como la de su familia, dieron un paso al lado.<\/p>\n\n\n\n<p>Mi solidaridad con aquellas familias que perdieron o resultaron heridos sus seres queridos, ya sea los que buscaban participar en este proceso, y sus sue\u00f1os fueron rotos por la delincuencia\u2026 o por aquellos, que acompa\u00f1ando a un proyecto, las balas los alcanzaron\u2026 choferes, escoltas, prensa, amigos&#8230;<\/p>\n\n\n\n<p>Por eso, con tantos amigos involucrados en este proceso electoral, de distintos partidos, de distintos colores, con diferentes siglas, no me queda en serio que desearles suerte, y agradecer que est\u00e9n bien&#8230;<\/p>\n\n\n\n<p><a href=\"mailto:smcainito@gmail.com\" target=\"_blank\" rel=\"noreferrer noopener\">smcainito@gmail.com<\/a><\/p>\n","protected":false},"excerpt":{"rendered":"<p>Los Pol\u00edticos Salvador Mu\u00f1oz Creo que ya envejec\u00ed\u2026 tantos amigos y conocidos, de diferentes partidos, de diferentes siglas, de diferentes colores, se disputan un cargo de representaci\u00f3n popular este domingo. A ellos, no tengo m\u00e1s que decirles \u00a1suerte! \u00a1mucha suerte en sus sue\u00f1os! que los que no los alcancen, tengan la paciencia, humildad y serenidad, [&hellip;]<\/p>\n","protected":false},"author":1,"featured_media":70,"comment_status":"open","ping_status":"open","sticky":false,"template":"","format":"standard","meta":{"_jetpack_memberships_contains_paid_content":false,"footnotes":""},"categories":[11],"tags":[],"class_list":["post-14795","post","type-post","status-publish","format-standard","has-post-thumbnail","hentry","category-opinion"],"jetpack_featured_media_url":"https:\/\/encuentroinformativo.com.mx\/wp-content\/uploads\/2020\/02\/opinion-invitado.jpg","jetpack_sharing_enabled":true,"jetpack_likes_enabled":true,"amp_enabled":true,"_links":{"self":[{"href":"https:\/\/encuentroinformativo.com.mx\/index.php?rest_route=\/wp\/v2\/posts\/14795","targetHints":{"allow":["GET"]}}],"collection":[{"href":"https:\/\/encuentroinformativo.com.mx\/index.php?rest_route=\/wp\/v2\/posts"}],"about":[{"href":"https:\/\/encuentroinformativo.com.mx\/index.php?rest_route=\/wp\/v2\/types\/post"}],"author":[{"embeddable":true,"href":"https:\/\/encuentroinformativo.com.mx\/index.php?rest_route=\/wp\/v2\/users\/1"}],"replies":[{"embeddable":true,"href":"https:\/\/encuentroinformativo.com.mx\/index.php?rest_route=%2Fwp%2Fv2%2Fcomments&post=14795"}],"version-history":[{"count":1,"href":"https:\/\/encuentroinformativo.com.mx\/index.php?rest_route=\/wp\/v2\/posts\/14795\/revisions"}],"predecessor-version":[{"id":14796,"href":"https:\/\/encuentroinformativo.com.mx\/index.php?rest_route=\/wp\/v2\/posts\/14795\/revisions\/14796"}],"wp:featuredmedia":[{"embeddable":true,"href":"https:\/\/encuentroinformativo.com.mx\/index.php?rest_route=\/wp\/v2\/media\/70"}],"wp:attachment":[{"href":"https:\/\/encuentroinformativo.com.mx\/index.php?rest_route=%2Fwp%2Fv2%2Fmedia&parent=14795"}],"wp:term":[{"taxonomy":"category","embeddable":true,"href":"https:\/\/encuentroinformativo.com.mx\/index.php?rest_route=%2Fwp%2Fv2%2Fcategories&post=14795"},{"taxonomy":"post_tag","embeddable":true,"href":"https:\/\/encuentroinformativo.com.mx\/index.php?rest_route=%2Fwp%2Fv2%2Ftags&post=14795"}],"curies":[{"name":"wp","href":"https:\/\/api.w.org\/{rel}","templated":true}]}}