{"id":14802,"date":"2021-06-03T11:38:35","date_gmt":"2021-06-03T16:38:35","guid":{"rendered":"https:\/\/encuentroinformativo.com.mx\/?p=14802"},"modified":"2021-06-03T11:38:39","modified_gmt":"2021-06-03T16:38:39","slug":"protestan-integrantes-del-sdtev-reclaman-intervencion-del-gobierno","status":"publish","type":"post","link":"https:\/\/encuentroinformativo.com.mx\/?p=14802","title":{"rendered":"Protestan integrantes del SDTEV, reclaman intervenci\u00f3n del gobierno"},"content":{"rendered":"\n<p><strong>Dar\u00edo Pale<\/strong><\/p>\n\n\n\n<p>Xalapa, Ver.- Critican las declaraciones &#8220;fuera del lugar&#8221; del gobernador Cuitl\u00e1huac Garc\u00eda Jim\u00e9nez, quien reconoci\u00f3 a la otra parte que encabeza Jorge Arturo Hern\u00e1ndez Mart\u00ednez, como la dirigencia legal, as\u00ed lo se\u00f1al\u00f3 Oswaldo Daniel Ahumada Aguirre, quien se dice tambi\u00e9n dirigente del Sindicato Democr\u00e1tico de Trabajadores del Estado de Veracruz (SDTEV).<\/p>\n\n\n\n<p>Entrevistado durante la manifestaci\u00f3n en la calle de Enr\u00edquez, &#8220;cosa que es totalmente falsa, estamos de acuerdo de a la ley interponiendo los recursos legales necesarios para que se haga justicia&#8221;.<\/p>\n\n\n\n<p>Dio a conocer que los hechos en donde uno y otro se ha venido proclamando como dirigente del Sindicato a lo largo de 8 a\u00f1os y los hechos supuestamente fraudulentos por los que ganaron y que se debe dejar al Tribunal de Conciliaci\u00f3n y Arbitraje hacer su trabajo.<\/p>\n\n\n\n<p>Ahumada Aguirre sostuvo que la toma de nota sigue pendiente, luego de que impugnaran la decisi\u00f3n ante las autoridades jurisdiccionales federales, &#8220;el Gobernador tuvo mala asesor\u00eda por parte de sus allegados en donde no puede haber un ganador o un perdedor hasta que no haya una sentencia definitiva&#8221;.<\/p>\n\n\n\n<p>Estim\u00f3 que ante la indefinici\u00f3n existen m\u00e1s de 106 millones de pesos de cuotas que est\u00e1n retenidas y no se deben otorgar a nadie hasta que todo se resuelva.<\/p>\n\n\n\n<p>Por las acusaciones de Jorge Arturo Hern\u00e1ndez Mart\u00ednez, respecto de que existe un presunto desv\u00edo de recursos por m\u00e1s de 21 millones de pesos y que Ahumada manej\u00f3 durante el periodo en el que estaban en conflicto y que tom\u00f3 de 6 a 8 millones de pesos; respondi\u00f3 que no tiene conocimiento ni ha sido notificado de ninguna denuncia en su contra.<\/p>\n\n\n\n<p>Finalmente, no descart\u00f3 que gracias a la nueva reforma a la Ley Federal del Trabajo, \u00a0se pueda convocar a nuevas elecciones, en donde podr\u00e1 votar toda la base, ya no los delegados.<\/p>\n","protected":false},"excerpt":{"rendered":"<p>Dar\u00edo Pale Xalapa, Ver.- Critican las declaraciones &#8220;fuera del lugar&#8221; del gobernador Cuitl\u00e1huac Garc\u00eda Jim\u00e9nez, quien reconoci\u00f3 a la otra parte que encabeza Jorge Arturo Hern\u00e1ndez Mart\u00ednez, como la dirigencia legal, as\u00ed lo se\u00f1al\u00f3 Oswaldo Daniel Ahumada Aguirre, quien se dice tambi\u00e9n dirigente del Sindicato Democr\u00e1tico de Trabajadores del Estado de Veracruz (SDTEV). Entrevistado durante [&hellip;]<\/p>\n","protected":false},"author":1,"featured_media":14803,"comment_status":"open","ping_status":"open","sticky":false,"template":"","format":"standard","meta":{"_jetpack_memberships_contains_paid_content":false,"footnotes":""},"categories":[3],"tags":[],"class_list":["post-14802","post","type-post","status-publish","format-standard","has-post-thumbnail","hentry","category-xalapa"],"jetpack_featured_media_url":"https:\/\/encuentroinformativo.com.mx\/wp-content\/uploads\/2021\/06\/7EA68505-95D0-4DE4-A8B2-0CE1D46895A3.jpeg","jetpack_sharing_enabled":true,"jetpack_likes_enabled":true,"amp_enabled":true,"_links":{"self":[{"href":"https:\/\/encuentroinformativo.com.mx\/index.php?rest_route=\/wp\/v2\/posts\/14802","targetHints":{"allow":["GET"]}}],"collection":[{"href":"https:\/\/encuentroinformativo.com.mx\/index.php?rest_route=\/wp\/v2\/posts"}],"about":[{"href":"https:\/\/encuentroinformativo.com.mx\/index.php?rest_route=\/wp\/v2\/types\/post"}],"author":[{"embeddable":true,"href":"https:\/\/encuentroinformativo.com.mx\/index.php?rest_route=\/wp\/v2\/users\/1"}],"replies":[{"embeddable":true,"href":"https:\/\/encuentroinformativo.com.mx\/index.php?rest_route=%2Fwp%2Fv2%2Fcomments&post=14802"}],"version-history":[{"count":1,"href":"https:\/\/encuentroinformativo.com.mx\/index.php?rest_route=\/wp\/v2\/posts\/14802\/revisions"}],"predecessor-version":[{"id":14804,"href":"https:\/\/encuentroinformativo.com.mx\/index.php?rest_route=\/wp\/v2\/posts\/14802\/revisions\/14804"}],"wp:featuredmedia":[{"embeddable":true,"href":"https:\/\/encuentroinformativo.com.mx\/index.php?rest_route=\/wp\/v2\/media\/14803"}],"wp:attachment":[{"href":"https:\/\/encuentroinformativo.com.mx\/index.php?rest_route=%2Fwp%2Fv2%2Fmedia&parent=14802"}],"wp:term":[{"taxonomy":"category","embeddable":true,"href":"https:\/\/encuentroinformativo.com.mx\/index.php?rest_route=%2Fwp%2Fv2%2Fcategories&post=14802"},{"taxonomy":"post_tag","embeddable":true,"href":"https:\/\/encuentroinformativo.com.mx\/index.php?rest_route=%2Fwp%2Fv2%2Ftags&post=14802"}],"curies":[{"name":"wp","href":"https:\/\/api.w.org\/{rel}","templated":true}]}}