{"id":1481,"date":"2020-03-31T16:10:45","date_gmt":"2020-03-31T22:10:45","guid":{"rendered":"https:\/\/encuentroinformativo.com\/?p=1481"},"modified":"2020-03-31T16:10:47","modified_gmt":"2020-03-31T22:10:47","slug":"se-deben-sumar-esfuerzos-sin-distinguir-colores-carlos-jimenez","status":"publish","type":"post","link":"https:\/\/encuentroinformativo.com.mx\/?p=1481","title":{"rendered":"Se deben sumar esfuerzos sin distinguir colores: Carlos Jim\u00e9nez"},"content":{"rendered":"\n<figure class=\"wp-block-embed-youtube wp-block-embed is-type-video is-provider-youtube wp-embed-aspect-16-9 wp-has-aspect-ratio\"><div class=\"wp-block-embed__wrapper\">\n<div class=\"jetpack-video-wrapper\"><iframe loading=\"lazy\" title=\"Llama Diputado a sumar esfuerzos por Veracruz\" width=\"640\" height=\"360\" src=\"https:\/\/www.youtube.com\/embed\/mBqBn5D6J_U?feature=oembed\" frameborder=\"0\" allow=\"accelerometer; autoplay; clipboard-write; encrypted-media; gyroscope; picture-in-picture; web-share\" referrerpolicy=\"strict-origin-when-cross-origin\" allowfullscreen><\/iframe><\/div>\n<\/div><\/figure>\n\n\n\n<p><strong>Elisa\nAburto <\/strong><\/p>\n\n\n\n<p>Xalapa, Ver.- Para atender las distintas problem\u00e1ticas\nque se tienen en el territorio veracruzano es necesario sumar esfuerzos sin\ndistingos partidistas, as\u00ed lo consider\u00f3 el diputado local Carlos Jim\u00e9nez D\u00edaz \u201cEl\npotrillo\u201d. <\/p>\n\n\n\n<p>En entrevista el legislador por el distrito de\nMisantla, record\u00f3 que a su demarcaci\u00f3n corresponden 18 municipios, motivo por\nel cual ya ha buscado un acercamiento con los alcaldes de su zona para efectuar\nun trabajo coordinado en atenci\u00f3n a la ciudadan\u00eda. <\/p>\n\n\n\n<p>Al respecto coment\u00f3: \u201cEstamos contactando con los alcaldes,\nteniendo el acercamiento, mi distrito est\u00e1 conformado por 18 municipios; son\npanistas, perredistas, del verde, pero para m\u00ed todos son alcaldes con los que\ntenemos que trabajar\u201d. <\/p>\n\n\n\n<p>Se debe trabajar juntos, por el municipio, por el\ndistrito y por el estado -enfatiz\u00f3- hoy m\u00e1s que nunca debemos hacerlo porque\ntenemos problemas de salud cr\u00edtica. <\/p>\n\n\n\n<p>\u00bfEst\u00e1 en la disposici\u00f3n de trabajar de forma\nconjunta?<\/p>\n\n\n\n<p>-Claro, yo les estoy haciendo la invitaci\u00f3n (a los\nalcaldes) a trabajar de la mano. Aqu\u00ed los problemas, las dificultades no tienen\ncolor, no tienen partido o ideolog\u00eda pol\u00edtica, la poblaci\u00f3n tiene\nnecesidades.&nbsp; <\/p>\n\n\n\n<p><strong>Pendientes\nen Seguridad<\/strong><\/p>\n\n\n\n<p>En otro orden de ideas, cuestionado sobre la comisi\u00f3n de Seguridad P\u00fablica la cual preside, el legislador explic\u00f3 que buscar\u00e1 sostener reuniones de trabajo con las autoridades de la Secretar\u00eda de Seguridad P\u00fablica para conocer y atender el panorama que se tiene en el territorio veracruzano y en base a ello poder participar desde el Poder Legislativo.  <\/p>\n\n\n\n<p>\u201cVamos a ver los pendientes que quedaron con la otra persona que estaba, vamos a sentarnos con el secretario de seguridad p\u00fablica para trabajar de la mano, en equipo para poder brindar a los veracruzanos una mayor certeza en ese sentido\u201d, puntualiz\u00f3. <\/p>\n","protected":false},"excerpt":{"rendered":"<p>Elisa Aburto Xalapa, Ver.- Para atender las distintas problem\u00e1ticas que se tienen en el territorio veracruzano es necesario sumar esfuerzos sin distingos partidistas, as\u00ed lo consider\u00f3 el diputado local Carlos Jim\u00e9nez D\u00edaz \u201cEl potrillo\u201d. En entrevista el legislador por el distrito de Misantla, record\u00f3 que a su demarcaci\u00f3n corresponden 18 municipios, motivo por el cual [&hellip;]<\/p>\n","protected":false},"author":1,"featured_media":1482,"comment_status":"open","ping_status":"open","sticky":false,"template":"","format":"standard","meta":{"_jetpack_memberships_contains_paid_content":false,"footnotes":""},"categories":[10],"tags":[],"class_list":["post-1481","post","type-post","status-publish","format-standard","has-post-thumbnail","hentry","category-entrevistas"],"jetpack_featured_media_url":"https:\/\/encuentroinformativo.com.mx\/wp-content\/uploads\/2020\/03\/Carlos-Jimenez-scaled.jpg","jetpack_sharing_enabled":true,"jetpack_likes_enabled":true,"amp_enabled":true,"_links":{"self":[{"href":"https:\/\/encuentroinformativo.com.mx\/index.php?rest_route=\/wp\/v2\/posts\/1481","targetHints":{"allow":["GET"]}}],"collection":[{"href":"https:\/\/encuentroinformativo.com.mx\/index.php?rest_route=\/wp\/v2\/posts"}],"about":[{"href":"https:\/\/encuentroinformativo.com.mx\/index.php?rest_route=\/wp\/v2\/types\/post"}],"author":[{"embeddable":true,"href":"https:\/\/encuentroinformativo.com.mx\/index.php?rest_route=\/wp\/v2\/users\/1"}],"replies":[{"embeddable":true,"href":"https:\/\/encuentroinformativo.com.mx\/index.php?rest_route=%2Fwp%2Fv2%2Fcomments&post=1481"}],"version-history":[{"count":1,"href":"https:\/\/encuentroinformativo.com.mx\/index.php?rest_route=\/wp\/v2\/posts\/1481\/revisions"}],"predecessor-version":[{"id":1483,"href":"https:\/\/encuentroinformativo.com.mx\/index.php?rest_route=\/wp\/v2\/posts\/1481\/revisions\/1483"}],"wp:featuredmedia":[{"embeddable":true,"href":"https:\/\/encuentroinformativo.com.mx\/index.php?rest_route=\/wp\/v2\/media\/1482"}],"wp:attachment":[{"href":"https:\/\/encuentroinformativo.com.mx\/index.php?rest_route=%2Fwp%2Fv2%2Fmedia&parent=1481"}],"wp:term":[{"taxonomy":"category","embeddable":true,"href":"https:\/\/encuentroinformativo.com.mx\/index.php?rest_route=%2Fwp%2Fv2%2Fcategories&post=1481"},{"taxonomy":"post_tag","embeddable":true,"href":"https:\/\/encuentroinformativo.com.mx\/index.php?rest_route=%2Fwp%2Fv2%2Ftags&post=1481"}],"curies":[{"name":"wp","href":"https:\/\/api.w.org\/{rel}","templated":true}]}}