{"id":14815,"date":"2021-06-03T13:21:45","date_gmt":"2021-06-03T18:21:45","guid":{"rendered":"https:\/\/encuentroinformativo.com.mx\/?p=14815"},"modified":"2021-06-03T13:21:49","modified_gmt":"2021-06-03T18:21:49","slug":"por-bloqueo-vecinos-de-la-aurora-quedan-incomunicados","status":"publish","type":"post","link":"https:\/\/encuentroinformativo.com.mx\/?p=14815","title":{"rendered":"Por bloqueo, vecinos de La Aurora quedan incomunicados"},"content":{"rendered":"\n<p><strong>Juan Arcos<\/strong><\/p>\n\n\n\n<p>Xalapa, Ver.- Pobladores de la comunidad La Aurora, municipio de Emiliano Zapata, denunciaron que est\u00e1n incomunicados por el cierre del \u00fanico acceso que existe en la zona.<\/p>\n\n\n\n<p>De acuerdo con Miguel \u00c1ngel Solano, vecino del lugar, son casi 200 personas las que est\u00e1n siendo afectadas por este problema, mismo que podr\u00eda salirse de control.<\/p>\n\n\n\n<p>El pasado lunes 31 de mayo fue obstaculizada la circulaci\u00f3n vehicular en el camino de terracer\u00eda que conduce a la localidad.<\/p>\n\n\n\n<p>El entrevistado detall\u00f3 que unos particulares se dicen due\u00f1os de un predio, donde se encuentra la v\u00eda de comunicacion, misma que bloquean con frecuencia.<\/p>\n\n\n\n<p>\u201cEn esa propiedad ha existido siempre un conflicto con los que se dicen propietarios, porque en la administraci\u00f3n de Daniel Olmos pavimentaron parte de ese camino y al parecer no hubo un acuerdo con los que se dicen propietarios. Las siguientes autoridades tampoco solucionaron el problema\u201d.<\/p>\n\n\n\n<p>Miguel \u00c1ngel Solano tambi\u00e9n coment\u00f3 que los vecinos han solicitado el apoyo de autoridades municipales y estatales; sin embargo, han sido ignorados.<\/p>\n\n\n\n<p>Incluso, se ha notificado de manera formal al ayuntamiento de Emiliano Zapata, para pedir al presidente municipal Jorge Mier que intervenga y as\u00ed sea solucionado el problema lo antes posible.<\/p>\n\n\n\n<p>\u201cEstamos secuestrados y las autoridades municipales que encabeza Jorge Mier no hace nada para solucionar este problema. Ojal\u00e1 que el gobierno del Estado pueda intervenir para que se solucione este conflicto\u201d, remat\u00f3 el vecino.<\/p>\n","protected":false},"excerpt":{"rendered":"<p>Juan Arcos Xalapa, Ver.- Pobladores de la comunidad La Aurora, municipio de Emiliano Zapata, denunciaron que est\u00e1n incomunicados por el cierre del \u00fanico acceso que existe en la zona. De acuerdo con Miguel \u00c1ngel Solano, vecino del lugar, son casi 200 personas las que est\u00e1n siendo afectadas por este problema, mismo que podr\u00eda salirse de [&hellip;]<\/p>\n","protected":false},"author":1,"featured_media":14816,"comment_status":"open","ping_status":"open","sticky":false,"template":"","format":"standard","meta":{"_jetpack_memberships_contains_paid_content":false,"footnotes":""},"categories":[8],"tags":[],"class_list":["post-14815","post","type-post","status-publish","format-standard","has-post-thumbnail","hentry","category-region"],"jetpack_featured_media_url":"https:\/\/encuentroinformativo.com.mx\/wp-content\/uploads\/2021\/06\/53DACDEB-B826-4CF2-8E6E-110911BBF266.jpeg","jetpack_sharing_enabled":true,"jetpack_likes_enabled":true,"amp_enabled":true,"_links":{"self":[{"href":"https:\/\/encuentroinformativo.com.mx\/index.php?rest_route=\/wp\/v2\/posts\/14815","targetHints":{"allow":["GET"]}}],"collection":[{"href":"https:\/\/encuentroinformativo.com.mx\/index.php?rest_route=\/wp\/v2\/posts"}],"about":[{"href":"https:\/\/encuentroinformativo.com.mx\/index.php?rest_route=\/wp\/v2\/types\/post"}],"author":[{"embeddable":true,"href":"https:\/\/encuentroinformativo.com.mx\/index.php?rest_route=\/wp\/v2\/users\/1"}],"replies":[{"embeddable":true,"href":"https:\/\/encuentroinformativo.com.mx\/index.php?rest_route=%2Fwp%2Fv2%2Fcomments&post=14815"}],"version-history":[{"count":1,"href":"https:\/\/encuentroinformativo.com.mx\/index.php?rest_route=\/wp\/v2\/posts\/14815\/revisions"}],"predecessor-version":[{"id":14817,"href":"https:\/\/encuentroinformativo.com.mx\/index.php?rest_route=\/wp\/v2\/posts\/14815\/revisions\/14817"}],"wp:featuredmedia":[{"embeddable":true,"href":"https:\/\/encuentroinformativo.com.mx\/index.php?rest_route=\/wp\/v2\/media\/14816"}],"wp:attachment":[{"href":"https:\/\/encuentroinformativo.com.mx\/index.php?rest_route=%2Fwp%2Fv2%2Fmedia&parent=14815"}],"wp:term":[{"taxonomy":"category","embeddable":true,"href":"https:\/\/encuentroinformativo.com.mx\/index.php?rest_route=%2Fwp%2Fv2%2Fcategories&post=14815"},{"taxonomy":"post_tag","embeddable":true,"href":"https:\/\/encuentroinformativo.com.mx\/index.php?rest_route=%2Fwp%2Fv2%2Ftags&post=14815"}],"curies":[{"name":"wp","href":"https:\/\/api.w.org\/{rel}","templated":true}]}}