{"id":14818,"date":"2021-06-03T13:29:36","date_gmt":"2021-06-03T18:29:36","guid":{"rendered":"https:\/\/encuentroinformativo.com.mx\/?p=14818"},"modified":"2021-06-03T13:29:40","modified_gmt":"2021-06-03T18:29:40","slug":"ocupa-veracruz-primeros-lugares-por-desocupacion-laboral","status":"publish","type":"post","link":"https:\/\/encuentroinformativo.com.mx\/?p=14818","title":{"rendered":"Ocupa Veracruz primeros lugares por desocupaci\u00f3n laboral"},"content":{"rendered":"\n<p><strong>Juan Arcos<\/strong> <\/p>\n\n\n\n<p>Xalapa, Ver.- El estado de Veracruz registr\u00f3 la tasa de desocupaci\u00f3n m\u00e1s alta en su historia durante el pasado mes de abril.<\/p>\n\n\n\n<p>De acuerdo con el Observatorio de Finanzas P\u00fablicas y Desarrollo Regional, que es coordinado por el economista Hilario Barcelata Ch\u00e1vez, la entidad alcanz\u00f3 un valor del 6.5 por ciento en cuanto a personas desocupadas en materia laboral.<\/p>\n\n\n\n<p>De acuerdo con el acad\u00e9mico de la Universidad Veracruzana (UV), lo anterior representa m\u00e1s del doble del que se registr\u00f3 durante el a\u00f1o pasado que fue del 3 por ciento.<\/p>\n\n\n\n<p>El total de personas desocupadas asciende a 227 mil 821 trabajadores, es decir, 126 mil 592 personas desocupadas m\u00e1s que las registradas el a\u00f1o pasado.<\/p>\n\n\n\n<p>Esta situaci\u00f3n ubica a Veracruz en el cuarto lugar entre los estados de mayor tasa de desocupaci\u00f3n a nivel nacional.<\/p>\n\n\n\n<p>La entidad se encuentra detr\u00e1s de Quer\u00e9taro, que registra un valor del 6.6 por ciento de poblaci\u00f3n desocupada; la Ciudad de M\u00e9xico, con 8.0 por ciento; y el Estado de M\u00e9xico, con 8.1 por ciento.<\/p>\n\n\n\n<p>Cabe recordar que otro estudio reciente del observatorio revela que un total de 183 mil 199 personas que habitan en la capital del estado viven en condiciones de pobreza.<\/p>\n\n\n\n<p>Lo anterior, con base en las cifras oficiales del m\u00e1s reciente informe emitido por la Secretar\u00eda de Bienestar del gobierno federal.<\/p>\n","protected":false},"excerpt":{"rendered":"<p>Juan Arcos Xalapa, Ver.- El estado de Veracruz registr\u00f3 la tasa de desocupaci\u00f3n m\u00e1s alta en su historia durante el pasado mes de abril. De acuerdo con el Observatorio de Finanzas P\u00fablicas y Desarrollo Regional, que es coordinado por el economista Hilario Barcelata Ch\u00e1vez, la entidad alcanz\u00f3 un valor del 6.5 por ciento en cuanto [&hellip;]<\/p>\n","protected":false},"author":1,"featured_media":14819,"comment_status":"open","ping_status":"open","sticky":false,"template":"","format":"standard","meta":{"_jetpack_memberships_contains_paid_content":false,"footnotes":""},"categories":[2],"tags":[],"class_list":["post-14818","post","type-post","status-publish","format-standard","has-post-thumbnail","hentry","category-estado"],"jetpack_featured_media_url":"https:\/\/encuentroinformativo.com.mx\/wp-content\/uploads\/2021\/06\/1F21E94E-83F9-40F2-8B18-9978AC979E0F.jpeg","jetpack_sharing_enabled":true,"jetpack_likes_enabled":true,"amp_enabled":true,"_links":{"self":[{"href":"https:\/\/encuentroinformativo.com.mx\/index.php?rest_route=\/wp\/v2\/posts\/14818","targetHints":{"allow":["GET"]}}],"collection":[{"href":"https:\/\/encuentroinformativo.com.mx\/index.php?rest_route=\/wp\/v2\/posts"}],"about":[{"href":"https:\/\/encuentroinformativo.com.mx\/index.php?rest_route=\/wp\/v2\/types\/post"}],"author":[{"embeddable":true,"href":"https:\/\/encuentroinformativo.com.mx\/index.php?rest_route=\/wp\/v2\/users\/1"}],"replies":[{"embeddable":true,"href":"https:\/\/encuentroinformativo.com.mx\/index.php?rest_route=%2Fwp%2Fv2%2Fcomments&post=14818"}],"version-history":[{"count":1,"href":"https:\/\/encuentroinformativo.com.mx\/index.php?rest_route=\/wp\/v2\/posts\/14818\/revisions"}],"predecessor-version":[{"id":14820,"href":"https:\/\/encuentroinformativo.com.mx\/index.php?rest_route=\/wp\/v2\/posts\/14818\/revisions\/14820"}],"wp:featuredmedia":[{"embeddable":true,"href":"https:\/\/encuentroinformativo.com.mx\/index.php?rest_route=\/wp\/v2\/media\/14819"}],"wp:attachment":[{"href":"https:\/\/encuentroinformativo.com.mx\/index.php?rest_route=%2Fwp%2Fv2%2Fmedia&parent=14818"}],"wp:term":[{"taxonomy":"category","embeddable":true,"href":"https:\/\/encuentroinformativo.com.mx\/index.php?rest_route=%2Fwp%2Fv2%2Fcategories&post=14818"},{"taxonomy":"post_tag","embeddable":true,"href":"https:\/\/encuentroinformativo.com.mx\/index.php?rest_route=%2Fwp%2Fv2%2Ftags&post=14818"}],"curies":[{"name":"wp","href":"https:\/\/api.w.org\/{rel}","templated":true}]}}