{"id":14830,"date":"2021-06-03T14:59:35","date_gmt":"2021-06-03T19:59:35","guid":{"rendered":"https:\/\/encuentroinformativo.com.mx\/?p=14830"},"modified":"2021-06-03T14:59:40","modified_gmt":"2021-06-03T19:59:40","slug":"en-el-puerto-escuela-sin-luz-y-agua-por-robos","status":"publish","type":"post","link":"https:\/\/encuentroinformativo.com.mx\/?p=14830","title":{"rendered":"En el puerto, escuela sin luz y agua por robos"},"content":{"rendered":"\n<p><strong>Alejandro \u00c1vila<\/strong><\/p>\n\n\n\n<p>Veracruz, Ver.- Debido a dos robos sufridos los d\u00edas 5 y 11 de marzo, donde sustrajeron todo el cableado el\u00e9ctrico y la tuber\u00eda hidr\u00e1ulica, la escuela primaria &#8220;Mariana R. del Toro de Lazar\u00edn&#8221;, anunci\u00f3 a los padres de familia que no hay condiciones para regresar a clases presenciales como pretende el Gobierno del Estado.<\/p>\n\n\n\n<p>En comunicado enviado a la Asociaci\u00f3n de Padres de Familia, se detalla que no han podido regresar a clases desde el 24 de mayo, como pretend\u00edan las autoridades educativas de Veracruz, pues el inmueble no cuenta con luz y agua, debido a los robos sufridos hace casi 3 meses.<\/p>\n\n\n\n<p>El Consejo T\u00e9cnico Escolar, manifiesta en el documento que se presentaron las denuncias correspondientes ante la Fiscal\u00eda General del Estado y se notific\u00f3, adem\u00e1s, a la Secretar\u00eda de Educaci\u00f3n de Veracruz y la direcci\u00f3n de Espacios Educativos, mismas que no han emitido una postura sobre el tema, y desconocen cuando tendr\u00e1n el apoyo para tener condiciones sanitarias y educativas dignas para los alumnos.<\/p>\n\n\n\n<p>Aunado a ello, se\u00f1ala el comunicado, la plantilla docente solo est\u00e1 vacunada en un 80 por ciento, y resta un 20 por ciento por completar la vacunaci\u00f3n, situaci\u00f3n que podr\u00eda poner en riesgo a los alumnos.<\/p>\n","protected":false},"excerpt":{"rendered":"<p>Alejandro \u00c1vila Veracruz, Ver.- Debido a dos robos sufridos los d\u00edas 5 y 11 de marzo, donde sustrajeron todo el cableado el\u00e9ctrico y la tuber\u00eda hidr\u00e1ulica, la escuela primaria &#8220;Mariana R. del Toro de Lazar\u00edn&#8221;, anunci\u00f3 a los padres de familia que no hay condiciones para regresar a clases presenciales como pretende el Gobierno del [&hellip;]<\/p>\n","protected":false},"author":1,"featured_media":14831,"comment_status":"open","ping_status":"open","sticky":false,"template":"","format":"standard","meta":{"_jetpack_memberships_contains_paid_content":false,"footnotes":""},"categories":[2],"tags":[],"class_list":["post-14830","post","type-post","status-publish","format-standard","has-post-thumbnail","hentry","category-estado"],"jetpack_featured_media_url":"https:\/\/encuentroinformativo.com.mx\/wp-content\/uploads\/2021\/06\/4B580981-270A-42B9-931B-A7D52DB515F9.jpeg","jetpack_sharing_enabled":true,"jetpack_likes_enabled":true,"amp_enabled":true,"_links":{"self":[{"href":"https:\/\/encuentroinformativo.com.mx\/index.php?rest_route=\/wp\/v2\/posts\/14830","targetHints":{"allow":["GET"]}}],"collection":[{"href":"https:\/\/encuentroinformativo.com.mx\/index.php?rest_route=\/wp\/v2\/posts"}],"about":[{"href":"https:\/\/encuentroinformativo.com.mx\/index.php?rest_route=\/wp\/v2\/types\/post"}],"author":[{"embeddable":true,"href":"https:\/\/encuentroinformativo.com.mx\/index.php?rest_route=\/wp\/v2\/users\/1"}],"replies":[{"embeddable":true,"href":"https:\/\/encuentroinformativo.com.mx\/index.php?rest_route=%2Fwp%2Fv2%2Fcomments&post=14830"}],"version-history":[{"count":1,"href":"https:\/\/encuentroinformativo.com.mx\/index.php?rest_route=\/wp\/v2\/posts\/14830\/revisions"}],"predecessor-version":[{"id":14832,"href":"https:\/\/encuentroinformativo.com.mx\/index.php?rest_route=\/wp\/v2\/posts\/14830\/revisions\/14832"}],"wp:featuredmedia":[{"embeddable":true,"href":"https:\/\/encuentroinformativo.com.mx\/index.php?rest_route=\/wp\/v2\/media\/14831"}],"wp:attachment":[{"href":"https:\/\/encuentroinformativo.com.mx\/index.php?rest_route=%2Fwp%2Fv2%2Fmedia&parent=14830"}],"wp:term":[{"taxonomy":"category","embeddable":true,"href":"https:\/\/encuentroinformativo.com.mx\/index.php?rest_route=%2Fwp%2Fv2%2Fcategories&post=14830"},{"taxonomy":"post_tag","embeddable":true,"href":"https:\/\/encuentroinformativo.com.mx\/index.php?rest_route=%2Fwp%2Fv2%2Ftags&post=14830"}],"curies":[{"name":"wp","href":"https:\/\/api.w.org\/{rel}","templated":true}]}}