{"id":1484,"date":"2020-03-31T17:11:50","date_gmt":"2020-03-31T23:11:50","guid":{"rendered":"https:\/\/encuentroinformativo.com\/?p=1484"},"modified":"2020-03-31T17:11:52","modified_gmt":"2020-03-31T23:11:52","slug":"exhorta-diputado-a-esclarecer-homicidio-de-maria-elena-ferral","status":"publish","type":"post","link":"https:\/\/encuentroinformativo.com.mx\/?p=1484","title":{"rendered":"Exhorta diputado a esclarecer homicidio de Mar\u00eda Elena Ferral"},"content":{"rendered":"\n<p>Xalapa, Ver.- El diputado Jos\u00e9 Magdaleno Rosales Torres exhort\u00f3 a las autoridades de la Fiscal\u00eda General del Estado (FGE) para que agilicen las investigaciones y den con los responsables del ataque armado, donde perdi\u00f3 la vida la periodista Mar\u00eda Elena Ferral en el municipio de Papantla. <\/p>\n\n\n\n<p>Rosales Torres conden\u00f3 esta agresi\u00f3n, que calific\u00f3 como cobarde, reiterando que pedir\u00e1 a la Fiscal\u00eda General, que a trav\u00e9s de la Fiscal\u00eda Especializada en Delitos Electorales y Contra Periodistas, puedan acelerar las investigaciones en la que incluya todas las posibles causas de la agresi\u00f3n, a fin de esclarecer y presentar a los responsables de este lamentable suceso ante la ley.<\/p>\n\n\n\n<p>En este sentido el legislador se solidariz\u00f3 con los familiares y amigos de la periodista y resalt\u00f3 que Veracruz no se permitir\u00e1 m\u00e1s actos  que atenten contra la libertad de expresi\u00f3n y la paz social. <\/p>\n\n\n\n<p>Por \u00faltimo, Magdaleno Rosales Torres subray\u00f3 que cualquier agravio que se comete en contra de un periodista se comete en contra de la sociedad y la libertad de expresi\u00f3n.<\/p>\n","protected":false},"excerpt":{"rendered":"<p>Xalapa, Ver.- El diputado Jos\u00e9 Magdaleno Rosales Torres exhort\u00f3 a las autoridades de la Fiscal\u00eda General del Estado (FGE) para que agilicen las investigaciones y den con los responsables del ataque armado, donde perdi\u00f3 la vida la periodista Mar\u00eda Elena Ferral en el municipio de Papantla. Rosales Torres conden\u00f3 esta agresi\u00f3n, que calific\u00f3 como cobarde, [&hellip;]<\/p>\n","protected":false},"author":1,"featured_media":1485,"comment_status":"open","ping_status":"open","sticky":false,"template":"","format":"standard","meta":{"_jetpack_memberships_contains_paid_content":false,"footnotes":""},"categories":[2],"tags":[],"class_list":["post-1484","post","type-post","status-publish","format-standard","has-post-thumbnail","hentry","category-estado"],"jetpack_featured_media_url":"https:\/\/encuentroinformativo.com.mx\/wp-content\/uploads\/2020\/03\/F9ACDD98-FCCB-4C0D-9EC3-B18B6DCAE662.jpeg","jetpack_sharing_enabled":true,"jetpack_likes_enabled":true,"amp_enabled":true,"_links":{"self":[{"href":"https:\/\/encuentroinformativo.com.mx\/index.php?rest_route=\/wp\/v2\/posts\/1484","targetHints":{"allow":["GET"]}}],"collection":[{"href":"https:\/\/encuentroinformativo.com.mx\/index.php?rest_route=\/wp\/v2\/posts"}],"about":[{"href":"https:\/\/encuentroinformativo.com.mx\/index.php?rest_route=\/wp\/v2\/types\/post"}],"author":[{"embeddable":true,"href":"https:\/\/encuentroinformativo.com.mx\/index.php?rest_route=\/wp\/v2\/users\/1"}],"replies":[{"embeddable":true,"href":"https:\/\/encuentroinformativo.com.mx\/index.php?rest_route=%2Fwp%2Fv2%2Fcomments&post=1484"}],"version-history":[{"count":1,"href":"https:\/\/encuentroinformativo.com.mx\/index.php?rest_route=\/wp\/v2\/posts\/1484\/revisions"}],"predecessor-version":[{"id":1486,"href":"https:\/\/encuentroinformativo.com.mx\/index.php?rest_route=\/wp\/v2\/posts\/1484\/revisions\/1486"}],"wp:featuredmedia":[{"embeddable":true,"href":"https:\/\/encuentroinformativo.com.mx\/index.php?rest_route=\/wp\/v2\/media\/1485"}],"wp:attachment":[{"href":"https:\/\/encuentroinformativo.com.mx\/index.php?rest_route=%2Fwp%2Fv2%2Fmedia&parent=1484"}],"wp:term":[{"taxonomy":"category","embeddable":true,"href":"https:\/\/encuentroinformativo.com.mx\/index.php?rest_route=%2Fwp%2Fv2%2Fcategories&post=1484"},{"taxonomy":"post_tag","embeddable":true,"href":"https:\/\/encuentroinformativo.com.mx\/index.php?rest_route=%2Fwp%2Fv2%2Ftags&post=1484"}],"curies":[{"name":"wp","href":"https:\/\/api.w.org\/{rel}","templated":true}]}}