{"id":14852,"date":"2021-06-04T13:57:10","date_gmt":"2021-06-04T18:57:10","guid":{"rendered":"https:\/\/encuentroinformativo.com.mx\/?p=14852"},"modified":"2021-06-04T13:57:13","modified_gmt":"2021-06-04T18:57:13","slug":"por-volar-dron-policia-intento-detenerlo","status":"publish","type":"post","link":"https:\/\/encuentroinformativo.com.mx\/?p=14852","title":{"rendered":"Por volar dron, polic\u00eda intent\u00f3 detenerlo"},"content":{"rendered":"\n<p><strong>Dar\u00edo Pale<\/strong><\/p>\n\n\n\n<p>Xalapa, Ver.- Elementos de Proximidad Ciudadana trataron de intervenir a una persona ya que sobrevolaba un Dron frente al Palacio de Gobierno y realizaba grabaciones desde el primer cuadro de la ciudad.<\/p>\n\n\n\n<p>Entrevistado posterior al intento de detenerlo por polic\u00edas de proximidad quienes se acercaron a interrogar a su propietario, Josu\u00e9 L\u00f3pez, quien dijo que su intenci\u00f3n era grabar un video con fines tur\u00edsticos de esta ciudad.<\/p>\n\n\n\n<p>&#8220;El d\u00eda de hoy dije, bueno, est\u00e1 una ma\u00f1ana muy agradable para realizar un vuelo con el dron. Pesa alrededor de 254 gramos. Es del tama\u00f1o de un tel\u00e9fono. Tiene un alcance de altura de 500 metros y de radio, 2 kil\u00f3metros&#8221;, se\u00f1al\u00f3.<\/p>\n\n\n\n<p>Una vez que inici\u00f3 la elevaci\u00f3n del dron, las c\u00e1maras del C4 lo detectaron y avisaron a los polic\u00edas de proximidad, estatales y municipales, quienes se acercaron al joven para interrogarlo.<\/p>\n\n\n\n<p>&#8220;Me comentaban que lo estaban interfiriendo imag\u00ednense, pierdo mi equipo, no es un aparato econ\u00f3mico&#8221;, coment\u00f3.<\/p>\n\n\n\n<p>Josu\u00e9 L\u00f3pez dijo que es la primera vez que las autoridades le advierten el decomiso de su dron, de esta manera se evidencia el refuerzo de seguridad a dos d\u00edas de la elecci\u00f3n de este domingo.<\/p>\n\n\n\n<figure class=\"wp-block-image size-large\"><img loading=\"lazy\" decoding=\"async\" width=\"1024\" height=\"576\" src=\"https:\/\/encuentroinformativo.com.mx\/wp-content\/uploads\/2021\/06\/C9FD82A2-997C-4C1C-9625-681D4CF1FAA3-1024x576.jpeg\" alt=\"\" class=\"wp-image-14854\" srcset=\"https:\/\/encuentroinformativo.com.mx\/wp-content\/uploads\/2021\/06\/C9FD82A2-997C-4C1C-9625-681D4CF1FAA3-1024x576.jpeg 1024w, https:\/\/encuentroinformativo.com.mx\/wp-content\/uploads\/2021\/06\/C9FD82A2-997C-4C1C-9625-681D4CF1FAA3-300x169.jpeg 300w, https:\/\/encuentroinformativo.com.mx\/wp-content\/uploads\/2021\/06\/C9FD82A2-997C-4C1C-9625-681D4CF1FAA3-768x432.jpeg 768w, https:\/\/encuentroinformativo.com.mx\/wp-content\/uploads\/2021\/06\/C9FD82A2-997C-4C1C-9625-681D4CF1FAA3-1536x864.jpeg 1536w, https:\/\/encuentroinformativo.com.mx\/wp-content\/uploads\/2021\/06\/C9FD82A2-997C-4C1C-9625-681D4CF1FAA3.jpeg 1599w\" sizes=\"auto, (max-width: 1024px) 100vw, 1024px\" \/><\/figure>\n","protected":false},"excerpt":{"rendered":"<p>Dar\u00edo Pale Xalapa, Ver.- Elementos de Proximidad Ciudadana trataron de intervenir a una persona ya que sobrevolaba un Dron frente al Palacio de Gobierno y realizaba grabaciones desde el primer cuadro de la ciudad. Entrevistado posterior al intento de detenerlo por polic\u00edas de proximidad quienes se acercaron a interrogar a su propietario, Josu\u00e9 L\u00f3pez, quien [&hellip;]<\/p>\n","protected":false},"author":1,"featured_media":14853,"comment_status":"open","ping_status":"open","sticky":false,"template":"","format":"standard","meta":{"_jetpack_memberships_contains_paid_content":false,"footnotes":""},"categories":[3],"tags":[],"class_list":["post-14852","post","type-post","status-publish","format-standard","has-post-thumbnail","hentry","category-xalapa"],"jetpack_featured_media_url":"https:\/\/encuentroinformativo.com.mx\/wp-content\/uploads\/2021\/06\/7731603E-41A1-42A3-830E-0ED8A0567BE9.jpeg","jetpack_sharing_enabled":true,"jetpack_likes_enabled":true,"amp_enabled":true,"_links":{"self":[{"href":"https:\/\/encuentroinformativo.com.mx\/index.php?rest_route=\/wp\/v2\/posts\/14852","targetHints":{"allow":["GET"]}}],"collection":[{"href":"https:\/\/encuentroinformativo.com.mx\/index.php?rest_route=\/wp\/v2\/posts"}],"about":[{"href":"https:\/\/encuentroinformativo.com.mx\/index.php?rest_route=\/wp\/v2\/types\/post"}],"author":[{"embeddable":true,"href":"https:\/\/encuentroinformativo.com.mx\/index.php?rest_route=\/wp\/v2\/users\/1"}],"replies":[{"embeddable":true,"href":"https:\/\/encuentroinformativo.com.mx\/index.php?rest_route=%2Fwp%2Fv2%2Fcomments&post=14852"}],"version-history":[{"count":1,"href":"https:\/\/encuentroinformativo.com.mx\/index.php?rest_route=\/wp\/v2\/posts\/14852\/revisions"}],"predecessor-version":[{"id":14855,"href":"https:\/\/encuentroinformativo.com.mx\/index.php?rest_route=\/wp\/v2\/posts\/14852\/revisions\/14855"}],"wp:featuredmedia":[{"embeddable":true,"href":"https:\/\/encuentroinformativo.com.mx\/index.php?rest_route=\/wp\/v2\/media\/14853"}],"wp:attachment":[{"href":"https:\/\/encuentroinformativo.com.mx\/index.php?rest_route=%2Fwp%2Fv2%2Fmedia&parent=14852"}],"wp:term":[{"taxonomy":"category","embeddable":true,"href":"https:\/\/encuentroinformativo.com.mx\/index.php?rest_route=%2Fwp%2Fv2%2Fcategories&post=14852"},{"taxonomy":"post_tag","embeddable":true,"href":"https:\/\/encuentroinformativo.com.mx\/index.php?rest_route=%2Fwp%2Fv2%2Ftags&post=14852"}],"curies":[{"name":"wp","href":"https:\/\/api.w.org\/{rel}","templated":true}]}}