{"id":14868,"date":"2021-06-04T16:02:44","date_gmt":"2021-06-04T21:02:44","guid":{"rendered":"https:\/\/encuentroinformativo.com.mx\/?p=14868"},"modified":"2021-06-04T16:02:47","modified_gmt":"2021-06-04T21:02:47","slug":"blindan-oficinas-de-bienestar-por-jornada-electoral","status":"publish","type":"post","link":"https:\/\/encuentroinformativo.com.mx\/?p=14868","title":{"rendered":"Blindan oficinas de Bienestar por jornada electoral"},"content":{"rendered":"\n<p><strong>Juan Arcos<\/strong> <\/p>\n\n\n\n<p>Xalapa, Ver.- Las 28 oficinas y los 259 veh\u00edculos de la Secretar\u00eda de Bienestar en Veracruz quedaron inoperantes, previo a las votaciones del pr\u00f3ximo domingo 6 de junio, para acatar el blindaje electoral.<\/p>\n\n\n\n<p>El delegado de los Programas Sociales en Veracruz, Manuel Huerta Ladr\u00f3n de Guevara, sell\u00f3 las puertas de las instalaciones de la dependencia federal, ubicadas en Xalapa, sobre la avenida L\u00e1zaro C\u00e1rdenas, frente al parque \u201cDo\u00f1a Falla\u201d.<\/p>\n\n\n\n<p>Las camionetas y dem\u00e1s unidades tambi\u00e9n quedaron resguardadas al interior del inmueble, con sellos del Programa de Blindaje Electoral 2021, para evitar que \u00e9stas sean utilizadas de manera indebida durante la contienda.<\/p>\n\n\n\n<p>Durante los d\u00edas s\u00e1bado y domingo se llevar\u00edan a cabo verificaciones para evitar que ninguno de los sellos colocados sea violentado, con el prop\u00f3sito de que ninguno de los programas sociales sea utilizado con fines pol\u00edticos y electorales.\u00a0<\/p>\n\n\n\n<p>Los sellos ser\u00edan retirados el pr\u00f3ximo lunes 7 de junio, para que el personal de la Secretar\u00eda de Bienestar pueda realizar sus labores de manera cotidiana.<\/p>\n\n\n\n<p>Huerta Ladr\u00f3n de Guevara record\u00f3 que en sexenios anteriores era considerable el condicionamiento de los apoyos para garantizar el voto a favor del partido en el poder.<\/p>\n\n\n\n<p>\u201cTenemos que poner la muestra porque en otros tiempos se hac\u00edan desde aqu\u00ed muchas cosas que hoy ya no se van a hacer\u201d, asever\u00f3.\u00a0<br>El funcionario federal enfatiz\u00f3 que el Instituto Nacional de Pueblos Ind\u00edgenas emple\u00f3 el blindaje electoral desde las nueve de la noche del jueves 3 de junio.<\/p>\n\n\n\n<p>\u201cDiconsa lo hace hoy despu\u00e9s de las nueve de la ma\u00f1ana, Liconsa igual. La Coordinaci\u00f3n de Becas Benito Ju\u00e1rez lo hace a partir de las nueve de la ma\u00f1ana, la Secretar\u00eda de Comunicaciones y Transportes (SCT) lo hace a partir de las 12 del d\u00eda y la Secretar\u00eda de Agricultura y Desarrollo Rural (Sader) lo hace despu\u00e9s de las tres de la tarde\u201d, remat\u00f3.<\/p>\n","protected":false},"excerpt":{"rendered":"<p>Juan Arcos Xalapa, Ver.- Las 28 oficinas y los 259 veh\u00edculos de la Secretar\u00eda de Bienestar en Veracruz quedaron inoperantes, previo a las votaciones del pr\u00f3ximo domingo 6 de junio, para acatar el blindaje electoral. El delegado de los Programas Sociales en Veracruz, Manuel Huerta Ladr\u00f3n de Guevara, sell\u00f3 las puertas de las instalaciones de [&hellip;]<\/p>\n","protected":false},"author":1,"featured_media":14869,"comment_status":"open","ping_status":"open","sticky":false,"template":"","format":"standard","meta":{"_jetpack_memberships_contains_paid_content":false,"footnotes":""},"categories":[2],"tags":[],"class_list":["post-14868","post","type-post","status-publish","format-standard","has-post-thumbnail","hentry","category-estado"],"jetpack_featured_media_url":"https:\/\/encuentroinformativo.com.mx\/wp-content\/uploads\/2021\/06\/795F4560-E683-4589-A685-7A79C62AA5A9.jpeg","jetpack_sharing_enabled":true,"jetpack_likes_enabled":true,"amp_enabled":true,"_links":{"self":[{"href":"https:\/\/encuentroinformativo.com.mx\/index.php?rest_route=\/wp\/v2\/posts\/14868","targetHints":{"allow":["GET"]}}],"collection":[{"href":"https:\/\/encuentroinformativo.com.mx\/index.php?rest_route=\/wp\/v2\/posts"}],"about":[{"href":"https:\/\/encuentroinformativo.com.mx\/index.php?rest_route=\/wp\/v2\/types\/post"}],"author":[{"embeddable":true,"href":"https:\/\/encuentroinformativo.com.mx\/index.php?rest_route=\/wp\/v2\/users\/1"}],"replies":[{"embeddable":true,"href":"https:\/\/encuentroinformativo.com.mx\/index.php?rest_route=%2Fwp%2Fv2%2Fcomments&post=14868"}],"version-history":[{"count":1,"href":"https:\/\/encuentroinformativo.com.mx\/index.php?rest_route=\/wp\/v2\/posts\/14868\/revisions"}],"predecessor-version":[{"id":14870,"href":"https:\/\/encuentroinformativo.com.mx\/index.php?rest_route=\/wp\/v2\/posts\/14868\/revisions\/14870"}],"wp:featuredmedia":[{"embeddable":true,"href":"https:\/\/encuentroinformativo.com.mx\/index.php?rest_route=\/wp\/v2\/media\/14869"}],"wp:attachment":[{"href":"https:\/\/encuentroinformativo.com.mx\/index.php?rest_route=%2Fwp%2Fv2%2Fmedia&parent=14868"}],"wp:term":[{"taxonomy":"category","embeddable":true,"href":"https:\/\/encuentroinformativo.com.mx\/index.php?rest_route=%2Fwp%2Fv2%2Fcategories&post=14868"},{"taxonomy":"post_tag","embeddable":true,"href":"https:\/\/encuentroinformativo.com.mx\/index.php?rest_route=%2Fwp%2Fv2%2Ftags&post=14868"}],"curies":[{"name":"wp","href":"https:\/\/api.w.org\/{rel}","templated":true}]}}