{"id":1487,"date":"2020-04-01T07:11:18","date_gmt":"2020-04-01T13:11:18","guid":{"rendered":"https:\/\/encuentroinformativo.com\/?p=1487"},"modified":"2020-04-01T01:24:25","modified_gmt":"2020-04-01T07:24:25","slug":"empresarios-amlo-y-su-lavado-de-manos","status":"publish","type":"post","link":"https:\/\/encuentroinformativo.com.mx\/?p=1487","title":{"rendered":"Empresarios, AMLO y su lavado de manos"},"content":{"rendered":"\n<p><strong>Los Pol\u00edticos<\/strong><\/p>\n\n\n\n<p><strong>Salvador Mu\u00f1oz<\/strong><br><\/p>\n\n\n\n<p>La declaraci\u00f3n de Emergencia Sanitaria decretada por el Gobierno federal sin lugar a dudas puede ser aplaudida por el empleado de grandes, medianos, peque\u00f1os y micro empresarios\u2026 s\u00ed, de manera total, se protege a la clase trabajadora pero de cierto modo, afectando a esa iniciativa privada que dif\u00edcilmente saca no s\u00f3lo para la n\u00f3mina de sus trabajadores, sino para insumos, renta, luz, agua, etc\u00e9tera\u2026 y quiz\u00e1s un Ahued, un Chedraui, un Soriana, un Elektra, un Walmart, en un momento dado, puedan desembolsar dos quincenas para sus empleados\u2026 \u00bfpero los otros? Han de disculpar, pero creo que el Gobierno federal simplemente aplica de manera total, una \u201cAnti-Coronavirus\u201d y con un \u201cDecretazo\u201d, \u00a1se lava las manos! dejando al empresario en esta pandemia, gran parte del peso econ\u00f3mico del pa\u00eds\u2026<\/p>\n\n\n\n<p>En las redes estuvo circulando un video donde se intercala la petici\u00f3n del (sub)Secretario de Salud, Hugo L\u00f3pez Gatell a los empresarios para que sus trabajadores se retiren a sus casas sin que sean despedidos y se les pague sus salarios; y la petici\u00f3n de la empresaria veracruzana Sabrina Z\u00e1rate S\u00e1enz, a AMLO, Hacienda y SAT para que suspendan el pago del ISR en esta contingencia para que las empresas puedan prorrogarlo o haya exenci\u00f3n sin que \u201cLolita\u201d les haga manita de puerco.<\/p>\n\n\n\n<p>De manera muy fina, Sabrina le dice en video a la Federaci\u00f3n que la generosidad por un mes puede ser bipartita, tanto de Gobierno para los empresarios, como de empresarios para empleados\u2026 pero al menos hasta este martes, todo indica que el Gobierno quiere que los empresarios pongan todo, pero \u00e9l, \u00a1nada! Aunque eso s\u00ed, saludando con sombrero ajeno.<\/p>\n\n\n\n<p>La esperanza de los empresarios para con el Gobierno era con este tipo de est\u00edmulos fiscales (la suspensi\u00f3n por un mes del ISR\u2026 es decir, a ojo de buen cubero, unos cinco mil pesos mensuales por empleado con salario m\u00ednimo y prestaciones), aguantar el mes, pero la declaraci\u00f3n que este lunes hiciera el Gobierno, con una sola palabrita, fue un mensaje claro de \u201c\u00a1H\u00e1ganle como puedan!, no los voy a ayudar!\u201d<\/p>\n\n\n\n<p>Me explico: Para el empresario, dejando a un lado el asunto de salud y enfoc\u00e1ndose en el econ\u00f3mico dentro de lo que establece la Ley General del Trabajo, no es lo mismo Contingencia Sanitaria que Emergencia Sanitaria.<\/p>\n\n\n\n<p>Si se hubiera declarado Contingencia Sanitaria, se hablar\u00eda igual de una suspensi\u00f3n de labores pero aplicando lo que el art\u00edculo 429 dice en las normas siguientes:<\/p>\n\n\n\n<p>IV. Si se trata de la fracci\u00f3n VII del 427, \u201cel patr\u00f3n no requerir\u00e1 aprobaci\u00f3n o autorizaci\u00f3n del Tribunal y estar\u00e1 obligado a pagar a sus trabajadores una indemnizaci\u00f3n equivalente a un d\u00eda de salario m\u00ednimo general vigente, por cada d\u00eda que dure la suspensi\u00f3n, sin que pueda exceder de un mes\u2026\u201d algo as\u00ed como 3 mil 690 pesos.<\/p>\n\n\n\n<p>\u00a1Por supuesto! Ante la ausencia de est\u00edmulos fiscales, para cualquier empresario esto hubiera sido lo ideal, pero no\u2026 al declararse \u201cEmergencia Sanitaria\u201d, encuadra en el Art\u00edculo 427 Fracci\u00f3n I al inicio, al principio: \u201cLa fuerza mayor\u201d que produzca como consecuencia necesaria, inmediata y directa, la suspensi\u00f3n de los trabajos\u2026<\/p>\n\n\n\n<p>\u00bfQu\u00e9 obliga a esto? A que las empresas acudan ante las Juntas de Conciliaci\u00f3n para autorizar la suspensi\u00f3n y fijar la indemnizaci\u00f3n a pagar a los trabajadores, sin que pueda exceder del importe de un mes de salario. \u00bfYa se imagina el caos en las Juntas?\u00bfEl engorro burocr\u00e1tico? eso sin tomar en cuenta la amenaza velada del coordinador de trabajos de mitigaci\u00f3n, Marcelo Ebrard, de sanci\u00f3n a quien trate de pagar el salario m\u00ednimo en este periodo de suspensi\u00f3n que va desde el 30 de marzo al 30 de abril\u2026 es decir, las autoridades federales vieron el posible escenario econ\u00f3mico-empresarial si hubieran cambiado \u201cEmergencia\u201d por \u201cContingencia\u201d.<\/p>\n\n\n\n<p>As\u00ed las cosas, es posible que grandes empresas como Chedraui, Soriana, Elektra, Ahued, puedan apechugar un mes el salario de sus trabajadores\u2026 \u00bfpero las medianas, las peque\u00f1as y micro empresas?<\/p>\n\n\n\n<p>Ahora\u2026 \u00bfqu\u00e9 va a pasar si el primero de mayo las condiciones no mejoran? \u00bfSe declarar\u00e1 una Contingencia Sanitaria y entonces s\u00ed aplicar\u00e1 el VII del 427 y se indemnizar\u00e1 al empleado?<\/p>\n\n\n\n<p>S\u00ed, es seguro que muchos empleados vean con agrado la determinaci\u00f3n de que el patr\u00f3n les pague un mes sin trabajar, pero hay algunas cosas que me quedan claras con esta declaraci\u00f3n de Emergencia Sanitaria:<\/p>\n\n\n\n<p>1.- El gobierno federal pr\u00e1cticamente se lava las manos con un alto porcentaje de empleados diciendo: \u201cEl patr\u00f3n est\u00e1 obligado a pagarles por Decreto\u201d&#8230;<\/p>\n\n\n\n<p>2.- El gobierno federal pareciera que odia al empresario (en especial al mediano, peque\u00f1o y micro)&#8230;<\/p>\n\n\n\n<p>3.- El gobierno federal de todos modos seguir\u00e1 recibiendo contribuciones del empresario\u2026 El SAT no est\u00e1 en cuarentena.<\/p>\n\n\n\n<p>4.- Tarde que temprano el empresario (sea grande, mediano, chico o micro) se la ha de cobrar al gobierno federal\u2026 al tiempo.<br><\/p>\n\n\n\n<p><a href=\"mailto:smcainito@gmail.com\" target=\"_blank\" rel=\"noreferrer noopener\">smcainito@gmail.com<\/a><\/p>\n","protected":false},"excerpt":{"rendered":"<p>Los Pol\u00edticos Salvador Mu\u00f1oz La declaraci\u00f3n de Emergencia Sanitaria decretada por el Gobierno federal sin lugar a dudas puede ser aplaudida por el empleado de grandes, medianos, peque\u00f1os y micro empresarios\u2026 s\u00ed, de manera total, se protege a la clase trabajadora pero de cierto modo, afectando a esa iniciativa privada que dif\u00edcilmente saca no s\u00f3lo [&hellip;]<\/p>\n","protected":false},"author":1,"featured_media":387,"comment_status":"open","ping_status":"open","sticky":false,"template":"","format":"standard","meta":{"_jetpack_memberships_contains_paid_content":false,"footnotes":""},"categories":[11],"tags":[],"class_list":["post-1487","post","type-post","status-publish","format-standard","has-post-thumbnail","hentry","category-opinion"],"jetpack_featured_media_url":"https:\/\/encuentroinformativo.com.mx\/wp-content\/uploads\/2020\/03\/7CF8A22B-2764-47BE-8F7F-38FE9E5D6A2F.jpeg","jetpack_sharing_enabled":true,"jetpack_likes_enabled":true,"amp_enabled":true,"_links":{"self":[{"href":"https:\/\/encuentroinformativo.com.mx\/index.php?rest_route=\/wp\/v2\/posts\/1487","targetHints":{"allow":["GET"]}}],"collection":[{"href":"https:\/\/encuentroinformativo.com.mx\/index.php?rest_route=\/wp\/v2\/posts"}],"about":[{"href":"https:\/\/encuentroinformativo.com.mx\/index.php?rest_route=\/wp\/v2\/types\/post"}],"author":[{"embeddable":true,"href":"https:\/\/encuentroinformativo.com.mx\/index.php?rest_route=\/wp\/v2\/users\/1"}],"replies":[{"embeddable":true,"href":"https:\/\/encuentroinformativo.com.mx\/index.php?rest_route=%2Fwp%2Fv2%2Fcomments&post=1487"}],"version-history":[{"count":1,"href":"https:\/\/encuentroinformativo.com.mx\/index.php?rest_route=\/wp\/v2\/posts\/1487\/revisions"}],"predecessor-version":[{"id":1488,"href":"https:\/\/encuentroinformativo.com.mx\/index.php?rest_route=\/wp\/v2\/posts\/1487\/revisions\/1488"}],"wp:featuredmedia":[{"embeddable":true,"href":"https:\/\/encuentroinformativo.com.mx\/index.php?rest_route=\/wp\/v2\/media\/387"}],"wp:attachment":[{"href":"https:\/\/encuentroinformativo.com.mx\/index.php?rest_route=%2Fwp%2Fv2%2Fmedia&parent=1487"}],"wp:term":[{"taxonomy":"category","embeddable":true,"href":"https:\/\/encuentroinformativo.com.mx\/index.php?rest_route=%2Fwp%2Fv2%2Fcategories&post=1487"},{"taxonomy":"post_tag","embeddable":true,"href":"https:\/\/encuentroinformativo.com.mx\/index.php?rest_route=%2Fwp%2Fv2%2Ftags&post=1487"}],"curies":[{"name":"wp","href":"https:\/\/api.w.org\/{rel}","templated":true}]}}