{"id":14877,"date":"2021-06-05T15:25:10","date_gmt":"2021-06-05T20:25:10","guid":{"rendered":"https:\/\/encuentroinformativo.com.mx\/?p=14877"},"modified":"2021-06-05T15:25:14","modified_gmt":"2021-06-05T20:25:14","slug":"promueven-acciones-para-prevenir-trata-de-personas","status":"publish","type":"post","link":"https:\/\/encuentroinformativo.com.mx\/?p=14877","title":{"rendered":"Promueven acciones para prevenir trata de personas"},"content":{"rendered":"\n<p>Ciudad de M\u00e9xico.- La reintegraci\u00f3n psicosocial de las v\u00edctimas de trata es uno de los temas m\u00e1s complejos porque implica la recuperaci\u00f3n de capacidades de los afectados, consider\u00f3 Mario Luis Fuentes Alcal\u00e1, titular de la C\u00e1tedra Extraordinaria Trata de Personas, de la UNAM.<\/p>\n\n\n\n<p>Durante el proceso de crisis sanitaria reflexionar sobre las violencias y c\u00f3mo enfrentarlas, en espec\u00edfico la trata de personas la cual est\u00e1 asociada a las migraciones, requiere un esfuerzo comprensivo, consider\u00f3.<\/p>\n\n\n\n<p>En la ceremonia de clausura de la cuarta edici\u00f3n del \u201cDiplomado en L\u00ednea sobre Trata de Personas\u201d, Fuentes Alcal\u00e1, coordinador general de esta actividad, dijo:\u00a0<\/p>\n\n\n\n<p>Detr\u00e1s de estos fen\u00f3menos est\u00e1 la dimensi\u00f3n demogr\u00e1fica; es decir ni\u00f1as, ni\u00f1os, y adolescentes quienes se encuentran atrapados o son vulnerables, ante ello esta actividad acad\u00e9mica tiene la necesidad de renovarse constantemente.<\/p>\n\n\n\n<p>Indic\u00f3 que el Diplomado es un espacio para estudiar, comprender y prevenir las violencias, as\u00ed como promover los derechos humanos con el apoyo de las facultades de Ciencias Pol\u00edticas y Sociales (FCPyS), Econom\u00eda (FE), Psicolog\u00eda (FP) y Derecho (FD).<\/p>\n\n\n\n<p>\u201cEstamos seguros de que podremos seguir generando el conocimiento, y del compromiso de la UNAM para poder incidir en los grandes problemas nacionales y, en este caso, regionales\u201d, enfatiz\u00f3.<\/p>\n\n\n\n<p>El tambi\u00e9n presidente del Patronato Universitario e investigador del Programa Universitario de Estudios del Desarrollo inform\u00f3 que en la edici\u00f3n que concluy\u00f3 se graduaron 119 participantes, provenientes de Argentina, Bolivia, Colombia, Costa Rica, Ecuador, Espa\u00f1a, Guatemala, M\u00e9xico, Per\u00fa y Venezuela.<\/p>\n\n\n\n<p>Adem\u00e1s, ocho acad\u00e9micos, 40 estudiantes, siete organizaciones de la sociedad civil; 19 particulares y 45 servidores p\u00fablicos. Hasta el momento son mil 142 egresados en las cuatro ediciones; el pr\u00f3ximo Diplomado iniciar\u00e1 el 6 de agosto.<\/p>\n\n\n\n<p>El tema de la reintegraci\u00f3n psicosocial implica la recuperaci\u00f3n de capacidades y, en ese sentido, las reflexiones de los participantes en torno a las medidas que toman en sus respectivos pa\u00edses para hacer frente a las violencias es parte de la riqueza de este material, lo cual seguramente nos llev\u00f3 a que la Secretar\u00eda de Relaciones Exteriores nos invitara a dise\u00f1ar un diplomado que iniciar\u00e1 en breve, enfatiz\u00f3.<\/p>\n\n\n\n<p>Carola Garc\u00eda Calder\u00f3n, directora de la FCPyS, destac\u00f3 que la trata de personas en Am\u00e9rica Latina y el Caribe responde a una amplia demanda transfronteriza, por ello su atenci\u00f3n requiere un enfoque internacional y participaci\u00f3n activa de instituciones federales, estatales y municipales, junto con entidades de la sociedad civil.\u00a0<\/p>\n\n\n\n<p>Sin duda, el trabajo realizado en el diplomado es parte de la contribuci\u00f3n para el desarrollo de intervenciones adecuadas y efectivas para la prevenci\u00f3n de este fen\u00f3meno, agreg\u00f3.\u00a0<\/p>\n\n\n\n<p>En su intervenci\u00f3n, Eduardo Vega L\u00f3pez, director de la FE, se\u00f1al\u00f3 que la trata de personas es un tema desgarrador, lacerante y abyecto como realidad social, visible y documentada en M\u00e9xico y el mundo, en el cual existen circuitos organizados para este prop\u00f3sito denigrante, por ello la importancia de este diplomado que contribuye de manera propositiva anal\u00edtica, reflexiva y documentada a tratar de detener este tipo de situaciones y realidades.<\/p>\n\n\n\n<p>Para Ra\u00fal Contreras Bustamante, director de la FD, el Diplomado forma cuadros especializados en este tema tan doloroso que re\u00fane aspectos como pobreza, desigualdad, migraci\u00f3n, delincuencia organizada, discriminaci\u00f3n y violaci\u00f3n sistem\u00e1tica de derechos humanos y, al mismo tiempo, genera este conocimiento difundido a los pa\u00edses participantes, en particular al nuestro.<\/p>\n\n\n\n<p>La trata es un tema complejo que quiebra a las v\u00edctimas de este delito. Cuando se habla de su reincorporaci\u00f3n social, que fueron capaces de pensar una nueva vida gracias a las intervenciones legales y de otra naturaleza, reconstruir la parte psicol\u00f3gica toma tiempo por lo que contar con personas capacitadas como los egresados del cuarto Diplomado hacen la diferencia en el manejo de las personas afectadas, sostuvo la directora de la FP, Mar\u00eda Elena Medina Mora.<\/p>\n\n\n\n<p>Ana Lilia Ferra Solano, egresada del Diplomado y en representaci\u00f3n de sus compa\u00f1eros, expuso que adem\u00e1s de procurarse una integraci\u00f3n psicoemocional de la v\u00edctima, es necesario \u201cdotarle de elementos contextuales que le permitan no volver a caer en las redes de la trata, situaci\u00f3n que no est\u00e1 contemplada en el marco jur\u00eddico nacional, ni siquiera tiene la fuerza de convocatoria para ser elevada a pol\u00edtica p\u00fablica; a\u00fan nos falta mucha piedra por picar\u201d.\u00a0<\/p>\n\n\n\n<p>Ingrid Vanessa Cifuentes Arrivillaga, alumna guatemalteca tambi\u00e9n egresada del diplomado, coment\u00f3 que en el mundo existen 108 mil 613 v\u00edctimas de ese delito, de 175 nacionalidades, quienes son explotadas en 164 pa\u00edses distintos al de su origen.<\/p>\n","protected":false},"excerpt":{"rendered":"<p>Ciudad de M\u00e9xico.- La reintegraci\u00f3n psicosocial de las v\u00edctimas de trata es uno de los temas m\u00e1s complejos porque implica la recuperaci\u00f3n de capacidades de los afectados, consider\u00f3 Mario Luis Fuentes Alcal\u00e1, titular de la C\u00e1tedra Extraordinaria Trata de Personas, de la UNAM. Durante el proceso de crisis sanitaria reflexionar sobre las violencias y c\u00f3mo [&hellip;]<\/p>\n","protected":false},"author":1,"featured_media":14092,"comment_status":"open","ping_status":"open","sticky":false,"template":"","format":"standard","meta":{"_jetpack_memberships_contains_paid_content":false,"footnotes":""},"categories":[12],"tags":[],"class_list":["post-14877","post","type-post","status-publish","format-standard","has-post-thumbnail","hentry","category-nacional"],"jetpack_featured_media_url":"https:\/\/encuentroinformativo.com.mx\/wp-content\/uploads\/2021\/05\/B8D6FF61-602E-476B-AD5E-F31156FC94AF.jpeg","jetpack_sharing_enabled":true,"jetpack_likes_enabled":true,"amp_enabled":true,"_links":{"self":[{"href":"https:\/\/encuentroinformativo.com.mx\/index.php?rest_route=\/wp\/v2\/posts\/14877","targetHints":{"allow":["GET"]}}],"collection":[{"href":"https:\/\/encuentroinformativo.com.mx\/index.php?rest_route=\/wp\/v2\/posts"}],"about":[{"href":"https:\/\/encuentroinformativo.com.mx\/index.php?rest_route=\/wp\/v2\/types\/post"}],"author":[{"embeddable":true,"href":"https:\/\/encuentroinformativo.com.mx\/index.php?rest_route=\/wp\/v2\/users\/1"}],"replies":[{"embeddable":true,"href":"https:\/\/encuentroinformativo.com.mx\/index.php?rest_route=%2Fwp%2Fv2%2Fcomments&post=14877"}],"version-history":[{"count":1,"href":"https:\/\/encuentroinformativo.com.mx\/index.php?rest_route=\/wp\/v2\/posts\/14877\/revisions"}],"predecessor-version":[{"id":14878,"href":"https:\/\/encuentroinformativo.com.mx\/index.php?rest_route=\/wp\/v2\/posts\/14877\/revisions\/14878"}],"wp:featuredmedia":[{"embeddable":true,"href":"https:\/\/encuentroinformativo.com.mx\/index.php?rest_route=\/wp\/v2\/media\/14092"}],"wp:attachment":[{"href":"https:\/\/encuentroinformativo.com.mx\/index.php?rest_route=%2Fwp%2Fv2%2Fmedia&parent=14877"}],"wp:term":[{"taxonomy":"category","embeddable":true,"href":"https:\/\/encuentroinformativo.com.mx\/index.php?rest_route=%2Fwp%2Fv2%2Fcategories&post=14877"},{"taxonomy":"post_tag","embeddable":true,"href":"https:\/\/encuentroinformativo.com.mx\/index.php?rest_route=%2Fwp%2Fv2%2Ftags&post=14877"}],"curies":[{"name":"wp","href":"https:\/\/api.w.org\/{rel}","templated":true}]}}