{"id":14885,"date":"2021-06-06T10:46:19","date_gmt":"2021-06-06T15:46:19","guid":{"rendered":"https:\/\/encuentroinformativo.com.mx\/?p=14885"},"modified":"2021-06-06T10:46:23","modified_gmt":"2021-06-06T15:46:23","slug":"hay-condiciones-para-jornada-electoral-ine","status":"publish","type":"post","link":"https:\/\/encuentroinformativo.com.mx\/?p=14885","title":{"rendered":"Hay condiciones para jornada electoral: INE"},"content":{"rendered":"\n<p><strong>Dar\u00edo Pale<\/strong> <\/p>\n\n\n\n<p>Xalapa, Ver.- El presidente del Consejo Local del Instituto Nacional Electoral (INE) en Veracruz, Josu\u00e9 Cervantes Mart\u00ednez, dio a conocer que en Veracruz hay condiciones para realizar la jornada electoral en donde se elegir\u00e1n diputaciones federales, locales y presidencias municipales.<\/p>\n\n\n\n<p>Al arrancar la jornada electoral de \u00e9ste domingo, mencion\u00f3 que en el estado ser\u00e1n instaladas 10 mil 825 mesas de casillas y participar\u00e1n 65 mil funcionarios.<\/p>\n\n\n\n<p>\u201cVotar de manera libre: libre de cualquier tipo de violencia, libre de todo tipo de presiones o coacci\u00f3n y libre de un posible contagio derivado del virus pand\u00e9mico que, de ninguna manera, repito, de ninguna manera podr\u00e1 hacer de nuestra democracia una m\u00e1s de sus lamentables v\u00edctimas\u201d, se\u00f1al\u00f3.<\/p>\n\n\n\n<p>Josu\u00e9 Cervante, record\u00f3 que en est\u00e1s elecciones todas y todos podr\u00e1n votar, por lo que los invit\u00f3 a hacer v\u00e1lido su derecho de elegir a sus nuevos representantes de elecci\u00f3n popular.<\/p>\n\n\n\n<p>\u201cDig\u00e1moslo fuerte y claro, sin romanticismos o exaltaciones, las elecciones la hacen los ciudadanos, la ciudadan\u00eda sufra, recibe y cuenta los votos y confirma con su voto los \u00f3rganos de representaci\u00f3n popular\u201d, coment\u00f3.<\/p>\n\n\n\n<p>Es de mencionar que en Veracruz, hay tres boletas electorales, sin embargo, el Instituto Electoral Nacional \u00fanicamente se har\u00e1 cargo de las que corresponden a las diputaciones federales.<\/p>\n","protected":false},"excerpt":{"rendered":"<p>Dar\u00edo Pale Xalapa, Ver.- El presidente del Consejo Local del Instituto Nacional Electoral (INE) en Veracruz, Josu\u00e9 Cervantes Mart\u00ednez, dio a conocer que en Veracruz hay condiciones para realizar la jornada electoral en donde se elegir\u00e1n diputaciones federales, locales y presidencias municipales. Al arrancar la jornada electoral de \u00e9ste domingo, mencion\u00f3 que en el estado [&hellip;]<\/p>\n","protected":false},"author":1,"featured_media":7773,"comment_status":"open","ping_status":"open","sticky":false,"template":"","format":"standard","meta":{"_jetpack_memberships_contains_paid_content":false,"footnotes":""},"categories":[2],"tags":[],"class_list":["post-14885","post","type-post","status-publish","format-standard","has-post-thumbnail","hentry","category-estado"],"jetpack_featured_media_url":"https:\/\/encuentroinformativo.com.mx\/wp-content\/uploads\/2020\/11\/3FFFB99B-51B8-4A3E-867F-7B868B12F087.jpeg","jetpack_sharing_enabled":true,"jetpack_likes_enabled":true,"amp_enabled":true,"_links":{"self":[{"href":"https:\/\/encuentroinformativo.com.mx\/index.php?rest_route=\/wp\/v2\/posts\/14885","targetHints":{"allow":["GET"]}}],"collection":[{"href":"https:\/\/encuentroinformativo.com.mx\/index.php?rest_route=\/wp\/v2\/posts"}],"about":[{"href":"https:\/\/encuentroinformativo.com.mx\/index.php?rest_route=\/wp\/v2\/types\/post"}],"author":[{"embeddable":true,"href":"https:\/\/encuentroinformativo.com.mx\/index.php?rest_route=\/wp\/v2\/users\/1"}],"replies":[{"embeddable":true,"href":"https:\/\/encuentroinformativo.com.mx\/index.php?rest_route=%2Fwp%2Fv2%2Fcomments&post=14885"}],"version-history":[{"count":1,"href":"https:\/\/encuentroinformativo.com.mx\/index.php?rest_route=\/wp\/v2\/posts\/14885\/revisions"}],"predecessor-version":[{"id":14886,"href":"https:\/\/encuentroinformativo.com.mx\/index.php?rest_route=\/wp\/v2\/posts\/14885\/revisions\/14886"}],"wp:featuredmedia":[{"embeddable":true,"href":"https:\/\/encuentroinformativo.com.mx\/index.php?rest_route=\/wp\/v2\/media\/7773"}],"wp:attachment":[{"href":"https:\/\/encuentroinformativo.com.mx\/index.php?rest_route=%2Fwp%2Fv2%2Fmedia&parent=14885"}],"wp:term":[{"taxonomy":"category","embeddable":true,"href":"https:\/\/encuentroinformativo.com.mx\/index.php?rest_route=%2Fwp%2Fv2%2Fcategories&post=14885"},{"taxonomy":"post_tag","embeddable":true,"href":"https:\/\/encuentroinformativo.com.mx\/index.php?rest_route=%2Fwp%2Fv2%2Ftags&post=14885"}],"curies":[{"name":"wp","href":"https:\/\/api.w.org\/{rel}","templated":true}]}}