{"id":14896,"date":"2021-06-06T11:16:34","date_gmt":"2021-06-06T16:16:34","guid":{"rendered":"https:\/\/encuentroinformativo.com.mx\/?p=14896"},"modified":"2021-06-06T11:19:37","modified_gmt":"2021-06-06T16:19:37","slug":"este-domingo-se-realiza-la-mejor-encuesta-ahued","status":"publish","type":"post","link":"https:\/\/encuentroinformativo.com.mx\/?p=14896","title":{"rendered":"Este domingo se realiza la mejor encuesta: Ahued"},"content":{"rendered":"\n<p>Xalapa, Ver.- Ricardo Ahued Bardahuil, candidato a la alcald\u00eda de Xalapa, inici\u00f3 la jornada electoral de este domingo 6 de junio emitiendo su voto en la casilla 2027 del fraccionamiento Fuentes de Las Animas.<\/p>\n\n\n\n<p>\u201cAqu\u00ed estamos cumpliendo con un deber ciudadano e invitando a que la gente salga a ejercer su voto y decidir qu\u00e9 es lo que desea en su pr\u00f3xima administraci\u00f3n. Esta es la \u00fanica manera de decidir por tu pa\u00eds\u201d, dijo Ahued Bardahuil a los medios de comunicaci\u00f3n que se congregaron en el lugar para captar el sufragio.<\/p>\n\n\n\n<p>El abanderado de la coalici\u00f3n \u201cJuntos Haremos Historia\u201d se\u00f1al\u00f3 que tras un mes de campa\u00f1as electorales, este domingo se define todo.<\/p>\n\n\n\n<p>\u201cDe todas las encuestas, \u00e9sta es la mejor. Hoy se resuelve todo\u201d.<\/p>\n\n\n\n<p>Coment\u00f3 que percibe tranquila la ciudad y que no ha recibido reportes de acciones de violencia o intimidaci\u00f3n y que espera que se mantenga de esa manera el resto de la jornada electoral.<\/p>\n\n\n\n<p>Ricardo Ahued indic\u00f3 que tras votar ir\u00e1 a desayunar con su familia, que lo ha apoyado en cada una de las campa\u00f1as en las que ha participado. \u201cDespu\u00e9s de eso esperaremos los resultados, y ya dependiendo de ellos veremos qu\u00e9 sigue\u201d.<\/p>\n\n\n\n<figure class=\"wp-block-image size-large\"><img loading=\"lazy\" decoding=\"async\" width=\"1024\" height=\"685\" src=\"https:\/\/encuentroinformativo.com.mx\/wp-content\/uploads\/2021\/06\/4339249C-2608-493D-AFD2-2D9BB6E72610-1024x685.jpeg\" alt=\"\" class=\"wp-image-14898\" srcset=\"https:\/\/encuentroinformativo.com.mx\/wp-content\/uploads\/2021\/06\/4339249C-2608-493D-AFD2-2D9BB6E72610-1024x685.jpeg 1024w, https:\/\/encuentroinformativo.com.mx\/wp-content\/uploads\/2021\/06\/4339249C-2608-493D-AFD2-2D9BB6E72610-300x201.jpeg 300w, https:\/\/encuentroinformativo.com.mx\/wp-content\/uploads\/2021\/06\/4339249C-2608-493D-AFD2-2D9BB6E72610-768x514.jpeg 768w, https:\/\/encuentroinformativo.com.mx\/wp-content\/uploads\/2021\/06\/4339249C-2608-493D-AFD2-2D9BB6E72610-1536x1027.jpeg 1536w, https:\/\/encuentroinformativo.com.mx\/wp-content\/uploads\/2021\/06\/4339249C-2608-493D-AFD2-2D9BB6E72610.jpeg 1600w\" sizes=\"auto, (max-width: 1024px) 100vw, 1024px\" \/><\/figure>\n","protected":false},"excerpt":{"rendered":"<p>Xalapa, Ver.- Ricardo Ahued Bardahuil, candidato a la alcald\u00eda de Xalapa, inici\u00f3 la jornada electoral de este domingo 6 de junio emitiendo su voto en la casilla 2027 del fraccionamiento Fuentes de Las Animas. \u201cAqu\u00ed estamos cumpliendo con un deber ciudadano e invitando a que la gente salga a ejercer su voto y decidir qu\u00e9 [&hellip;]<\/p>\n","protected":false},"author":1,"featured_media":14901,"comment_status":"open","ping_status":"open","sticky":false,"template":"","format":"standard","meta":{"_jetpack_memberships_contains_paid_content":false,"footnotes":""},"categories":[3],"tags":[],"class_list":["post-14896","post","type-post","status-publish","format-standard","has-post-thumbnail","hentry","category-xalapa"],"jetpack_featured_media_url":"https:\/\/encuentroinformativo.com.mx\/wp-content\/uploads\/2021\/06\/DBCA4E05-DAA7-446F-B6F3-3BBFD630013E.jpeg","jetpack_sharing_enabled":true,"jetpack_likes_enabled":true,"amp_enabled":true,"_links":{"self":[{"href":"https:\/\/encuentroinformativo.com.mx\/index.php?rest_route=\/wp\/v2\/posts\/14896","targetHints":{"allow":["GET"]}}],"collection":[{"href":"https:\/\/encuentroinformativo.com.mx\/index.php?rest_route=\/wp\/v2\/posts"}],"about":[{"href":"https:\/\/encuentroinformativo.com.mx\/index.php?rest_route=\/wp\/v2\/types\/post"}],"author":[{"embeddable":true,"href":"https:\/\/encuentroinformativo.com.mx\/index.php?rest_route=\/wp\/v2\/users\/1"}],"replies":[{"embeddable":true,"href":"https:\/\/encuentroinformativo.com.mx\/index.php?rest_route=%2Fwp%2Fv2%2Fcomments&post=14896"}],"version-history":[{"count":1,"href":"https:\/\/encuentroinformativo.com.mx\/index.php?rest_route=\/wp\/v2\/posts\/14896\/revisions"}],"predecessor-version":[{"id":14899,"href":"https:\/\/encuentroinformativo.com.mx\/index.php?rest_route=\/wp\/v2\/posts\/14896\/revisions\/14899"}],"wp:featuredmedia":[{"embeddable":true,"href":"https:\/\/encuentroinformativo.com.mx\/index.php?rest_route=\/wp\/v2\/media\/14901"}],"wp:attachment":[{"href":"https:\/\/encuentroinformativo.com.mx\/index.php?rest_route=%2Fwp%2Fv2%2Fmedia&parent=14896"}],"wp:term":[{"taxonomy":"category","embeddable":true,"href":"https:\/\/encuentroinformativo.com.mx\/index.php?rest_route=%2Fwp%2Fv2%2Fcategories&post=14896"},{"taxonomy":"post_tag","embeddable":true,"href":"https:\/\/encuentroinformativo.com.mx\/index.php?rest_route=%2Fwp%2Fv2%2Ftags&post=14896"}],"curies":[{"name":"wp","href":"https:\/\/api.w.org\/{rel}","templated":true}]}}