{"id":14905,"date":"2021-06-06T13:34:24","date_gmt":"2021-06-06T18:34:24","guid":{"rendered":"https:\/\/encuentroinformativo.com.mx\/?p=14905"},"modified":"2021-06-06T13:34:28","modified_gmt":"2021-06-06T18:34:28","slug":"amenazan-con-arma-de-fuego-a-funcionario-de-casilla-en-boca-del-rio","status":"publish","type":"post","link":"https:\/\/encuentroinformativo.com.mx\/?p=14905","title":{"rendered":"Amenazan con arma de fuego a funcionario de casilla en Boca del R\u00edo"},"content":{"rendered":"\n<p><strong>Alejandro \u00c1vila<\/strong><\/p>\n\n\n\n<p>Boca del R\u00edo, Ver.- El presidente de la casilla 493, ubicada en Paseo de las Flores esquina 2 de abril, denunci\u00f3 la llegada de un grupo de agitadores del partido MORENA quienes amenazaron con armas largas al resto de los funcionarios, por presuntamente haber negado el acceso a la representante morenista.<\/p>\n\n\n\n<p>El presidente de casilla, quien no quiso revelar su nombre, explic\u00f3 que al inicio de la jornada electoral en la escuela secundaria &#8220;Jos\u00e9 Azueta&#8221; donde se encuentran las casillas para votar, hubo un incidente con la representante de MORENA, pues su nombre estaba mal escrito en los registros del INE, por lo que no la dejaban participar hasta que les dieran autorizaci\u00f3n.<\/p>\n\n\n\n<p>La se\u00f1ora, Roxana Torreblanca Zorrila, molesta, mencionan hizo una se\u00f1a en la calle e inmediatamente lleg\u00f3 un automovil con un grupo armado que baj\u00f3 del veh\u00edculo con chalecos antibalas y armas largas para intimidar a los funcionarios de casillas.<\/p>\n\n\n\n<p>Relatan que nunca cortadon cartucho o apuntaron sus armas; sin embargo s\u00ed les pidieron dejar entrar a la morenista y que estar\u00edan pendientes de la casilla.<\/p>\n","protected":false},"excerpt":{"rendered":"<p>Alejandro \u00c1vila Boca del R\u00edo, Ver.- El presidente de la casilla 493, ubicada en Paseo de las Flores esquina 2 de abril, denunci\u00f3 la llegada de un grupo de agitadores del partido MORENA quienes amenazaron con armas largas al resto de los funcionarios, por presuntamente haber negado el acceso a la representante morenista. El presidente [&hellip;]<\/p>\n","protected":false},"author":1,"featured_media":14906,"comment_status":"open","ping_status":"open","sticky":false,"template":"","format":"standard","meta":{"_jetpack_memberships_contains_paid_content":false,"footnotes":""},"categories":[2],"tags":[],"class_list":["post-14905","post","type-post","status-publish","format-standard","has-post-thumbnail","hentry","category-estado"],"jetpack_featured_media_url":"https:\/\/encuentroinformativo.com.mx\/wp-content\/uploads\/2021\/06\/E004C577-6301-4FEC-A5DD-1245989E1DE2.jpeg","jetpack_sharing_enabled":true,"jetpack_likes_enabled":true,"amp_enabled":true,"_links":{"self":[{"href":"https:\/\/encuentroinformativo.com.mx\/index.php?rest_route=\/wp\/v2\/posts\/14905","targetHints":{"allow":["GET"]}}],"collection":[{"href":"https:\/\/encuentroinformativo.com.mx\/index.php?rest_route=\/wp\/v2\/posts"}],"about":[{"href":"https:\/\/encuentroinformativo.com.mx\/index.php?rest_route=\/wp\/v2\/types\/post"}],"author":[{"embeddable":true,"href":"https:\/\/encuentroinformativo.com.mx\/index.php?rest_route=\/wp\/v2\/users\/1"}],"replies":[{"embeddable":true,"href":"https:\/\/encuentroinformativo.com.mx\/index.php?rest_route=%2Fwp%2Fv2%2Fcomments&post=14905"}],"version-history":[{"count":1,"href":"https:\/\/encuentroinformativo.com.mx\/index.php?rest_route=\/wp\/v2\/posts\/14905\/revisions"}],"predecessor-version":[{"id":14907,"href":"https:\/\/encuentroinformativo.com.mx\/index.php?rest_route=\/wp\/v2\/posts\/14905\/revisions\/14907"}],"wp:featuredmedia":[{"embeddable":true,"href":"https:\/\/encuentroinformativo.com.mx\/index.php?rest_route=\/wp\/v2\/media\/14906"}],"wp:attachment":[{"href":"https:\/\/encuentroinformativo.com.mx\/index.php?rest_route=%2Fwp%2Fv2%2Fmedia&parent=14905"}],"wp:term":[{"taxonomy":"category","embeddable":true,"href":"https:\/\/encuentroinformativo.com.mx\/index.php?rest_route=%2Fwp%2Fv2%2Fcategories&post=14905"},{"taxonomy":"post_tag","embeddable":true,"href":"https:\/\/encuentroinformativo.com.mx\/index.php?rest_route=%2Fwp%2Fv2%2Ftags&post=14905"}],"curies":[{"name":"wp","href":"https:\/\/api.w.org\/{rel}","templated":true}]}}