{"id":14908,"date":"2021-06-06T10:32:57","date_gmt":"2021-06-06T15:32:57","guid":{"rendered":"https:\/\/encuentroinformativo.com.mx\/?p=14908"},"modified":"2021-06-06T14:34:21","modified_gmt":"2021-06-06T19:34:21","slug":"alta-participacion-de-los-jovenes-david-velasco","status":"publish","type":"post","link":"https:\/\/encuentroinformativo.com.mx\/?p=14908","title":{"rendered":"Alta participaci\u00f3n de los j\u00f3venes: David Velasco"},"content":{"rendered":"\n<p><strong>Juan Arcos <\/strong><\/p>\n\n\n\n<p>Xalapa, Ver.- El candidato de la alianza \u201cVeracruz Va\u201d a la alcald\u00eda de Xalapa, David Velasco Chedraui, expres\u00f3 que ha sido notorio el \u00e1nimo de los j\u00f3venes por acudir a las casillas, emitir su voto y elegir a sus pr\u00f3ximos representantes populares.<\/p>\n\n\n\n<p>El aspirante de la coalici\u00f3n, que integran el Partido Revolucionario Institucional (PRI), Partido Acci\u00f3n Nacional (PAN) y el Partido de la Revoluci\u00f3n Democr\u00e1tica (PRD), acudi\u00f3 con su familia a votar este domingo en la casilla 2034 de la secci\u00f3n 3754, ubicada en la calle Salonio del Centro Hist\u00f3rico.<\/p>\n\n\n\n<p>\u201cHay mucho \u00e1nimo en los j\u00f3venes que normalmente son los que menos votan, los veo con muchas ganas, ahora que estuvimos viendo a muchos grupos de chavos, yo veo que cada vez hay m\u00e1s entusiasmo en los j\u00f3venes\u201d.<\/p>\n\n\n\n<p>El empresario xalape\u00f1o pidi\u00f3 que haya civilidad en la jornada electoral y exhort\u00f3 a la gente para que participe, ejerciendo su derecho al voto.<\/p>\n\n\n\n<p>&#8220;Tenemos mucho optimismo. Vi mucho \u00e1nimo en Xalapa, recorrimos colonias. Aprovecho a llamar a la ciudadan\u00eda, es un derecho c\u00edvico para que tengamos el gobierno que queremos. Salgamos a votar que no se nos pase\u201d, enfatiz\u00f3.<\/p>\n\n\n\n<p>El exalcalde de Xalapa se\u00f1al\u00f3 que hasta las 10:30 horas no se hab\u00edan registrado reportes en la ciudad de Xalapa.<\/p>\n\n\n\n<p>El tambi\u00e9n exdiputado local pidi\u00f3 que ninguna autoridad intervenga en la jornada electoral para que \u00e9sta se lleve a cabo de manera pac\u00edfica.<\/p>\n","protected":false},"excerpt":{"rendered":"<p>Juan Arcos Xalapa, Ver.- El candidato de la alianza \u201cVeracruz Va\u201d a la alcald\u00eda de Xalapa, David Velasco Chedraui, expres\u00f3 que ha sido notorio el \u00e1nimo de los j\u00f3venes por acudir a las casillas, emitir su voto y elegir a sus pr\u00f3ximos representantes populares. El aspirante de la coalici\u00f3n, que integran el Partido Revolucionario Institucional [&hellip;]<\/p>\n","protected":false},"author":1,"featured_media":14911,"comment_status":"open","ping_status":"open","sticky":false,"template":"","format":"standard","meta":{"_jetpack_memberships_contains_paid_content":false,"footnotes":""},"categories":[3],"tags":[],"class_list":["post-14908","post","type-post","status-publish","format-standard","has-post-thumbnail","hentry","category-xalapa"],"jetpack_featured_media_url":"https:\/\/encuentroinformativo.com.mx\/wp-content\/uploads\/2021\/06\/AA9C3492-F9AE-46E8-8187-EB746AAC16EC.jpeg","jetpack_sharing_enabled":true,"jetpack_likes_enabled":true,"amp_enabled":true,"_links":{"self":[{"href":"https:\/\/encuentroinformativo.com.mx\/index.php?rest_route=\/wp\/v2\/posts\/14908","targetHints":{"allow":["GET"]}}],"collection":[{"href":"https:\/\/encuentroinformativo.com.mx\/index.php?rest_route=\/wp\/v2\/posts"}],"about":[{"href":"https:\/\/encuentroinformativo.com.mx\/index.php?rest_route=\/wp\/v2\/types\/post"}],"author":[{"embeddable":true,"href":"https:\/\/encuentroinformativo.com.mx\/index.php?rest_route=\/wp\/v2\/users\/1"}],"replies":[{"embeddable":true,"href":"https:\/\/encuentroinformativo.com.mx\/index.php?rest_route=%2Fwp%2Fv2%2Fcomments&post=14908"}],"version-history":[{"count":1,"href":"https:\/\/encuentroinformativo.com.mx\/index.php?rest_route=\/wp\/v2\/posts\/14908\/revisions"}],"predecessor-version":[{"id":14910,"href":"https:\/\/encuentroinformativo.com.mx\/index.php?rest_route=\/wp\/v2\/posts\/14908\/revisions\/14910"}],"wp:featuredmedia":[{"embeddable":true,"href":"https:\/\/encuentroinformativo.com.mx\/index.php?rest_route=\/wp\/v2\/media\/14911"}],"wp:attachment":[{"href":"https:\/\/encuentroinformativo.com.mx\/index.php?rest_route=%2Fwp%2Fv2%2Fmedia&parent=14908"}],"wp:term":[{"taxonomy":"category","embeddable":true,"href":"https:\/\/encuentroinformativo.com.mx\/index.php?rest_route=%2Fwp%2Fv2%2Fcategories&post=14908"},{"taxonomy":"post_tag","embeddable":true,"href":"https:\/\/encuentroinformativo.com.mx\/index.php?rest_route=%2Fwp%2Fv2%2Ftags&post=14908"}],"curies":[{"name":"wp","href":"https:\/\/api.w.org\/{rel}","templated":true}]}}