{"id":14929,"date":"2021-06-06T15:32:26","date_gmt":"2021-06-06T20:32:26","guid":{"rendered":"https:\/\/encuentroinformativo.com.mx\/?p=14929"},"modified":"2021-06-06T15:32:29","modified_gmt":"2021-06-06T20:32:29","slug":"no-hay-incidentes-mayores-por-elecciones-gobernador","status":"publish","type":"post","link":"https:\/\/encuentroinformativo.com.mx\/?p=14929","title":{"rendered":"No hay incidentes mayores por elecciones: Gobernador"},"content":{"rendered":"\n<p><strong>Juan Arcos<\/strong><\/p>\n\n\n\n<p>Xalapa, Ver.- El gobernador de Veracruz, Cuitl\u00e1huac Garc\u00eda Jim\u00e9nez, acudi\u00f3 a votar este domingo 6 de junio a la colonia Progreso de la ciudad de Xalapa, donde indic\u00f3 que estar\u00e1 pendiente de toda la jornada electoral.<\/p>\n\n\n\n<p>El mandatario estatal se present\u00f3 en la casilla 089, secci\u00f3n 1900, ubicada en la Telesecundaria, &#8220;Nicol\u00e1s Bravo&#8221;, en la zona norte de la capital del Estado.<\/p>\n\n\n\n<p>El titular del Poder Ejecutivo en Veracruz se\u00f1al\u00f3 que hasta el mediod\u00eda no se hab\u00edan registrado incidentes de gravedad en el territorio veracruzano.<\/p>\n\n\n\n<p>&#8220;El d\u00eda de ma\u00f1ana vamos a dar una conferencia para dar un resumen de lo que nos compete de esta jornada. Voy a estar atento a toda la jornada. Voy a la oficina de Gobierno\u201d, expres\u00f3.<\/p>\n\n\n\n<p>Cabe mencionar que minutos despu\u00e9s se report\u00f3 que hombres armados acudieron a la casilla 493, ubicada en Paseo de las Flores esquina 2 de abril, en el municipio de Boca del R\u00edo, para amenazar a los funcionarios, presuntamente por haber negado el ingreso a la representante del Movimiento de Regeneraci\u00f3n Nacional (Morena).<\/p>\n\n\n\n<p>Esto ocurri\u00f3 afuera de la escuela secundaria &#8220;Jos\u00e9 Azueta&#8221;, donde el nombre de la representante morenista estaba mal registrado ante el INE.<\/p>\n\n\n\n<p><strong>S\u00cd HABR\u00c1 REGRESO A CLASES\u00a0<\/strong><br>Por otra parte, el Gobernador de Veracruz indic\u00f3 que, aunque el estado retrocedi\u00f3 en el sem\u00e1foro epidemiol\u00f3gico al color amarillo, de riesgo medio de contagio por SARS-COV-2 (COVID-19), los municipios que se encuentren en color verde podr\u00e1n regresar a clases presenciales.<\/p>\n\n\n\n<p>Adem\u00e1s, coment\u00f3 que la Secretar\u00eda de Educaci\u00f3n de Veracruz (SEV), a cargo de Zenyazen Escobar Garc\u00eda, dar\u00e1 a conocer los lugares donde ser\u00e1 posible el retorno a las aulas.<\/p>\n\n\n\n<p>Finalmente, pidi\u00f3 a la poblaci\u00f3n que aplique las medidas sanitarias para frenar los contagios de coronavirus en la entidad veracruzana.<\/p>\n","protected":false},"excerpt":{"rendered":"<p>Juan Arcos Xalapa, Ver.- El gobernador de Veracruz, Cuitl\u00e1huac Garc\u00eda Jim\u00e9nez, acudi\u00f3 a votar este domingo 6 de junio a la colonia Progreso de la ciudad de Xalapa, donde indic\u00f3 que estar\u00e1 pendiente de toda la jornada electoral. El mandatario estatal se present\u00f3 en la casilla 089, secci\u00f3n 1900, ubicada en la Telesecundaria, &#8220;Nicol\u00e1s Bravo&#8221;, [&hellip;]<\/p>\n","protected":false},"author":1,"featured_media":14930,"comment_status":"open","ping_status":"open","sticky":false,"template":"","format":"standard","meta":{"_jetpack_memberships_contains_paid_content":false,"footnotes":""},"categories":[2],"tags":[],"class_list":["post-14929","post","type-post","status-publish","format-standard","has-post-thumbnail","hentry","category-estado"],"jetpack_featured_media_url":"https:\/\/encuentroinformativo.com.mx\/wp-content\/uploads\/2021\/06\/BA354EC4-E90D-44E4-A976-5C4E1D0CC812.jpeg","jetpack_sharing_enabled":true,"jetpack_likes_enabled":true,"amp_enabled":true,"_links":{"self":[{"href":"https:\/\/encuentroinformativo.com.mx\/index.php?rest_route=\/wp\/v2\/posts\/14929","targetHints":{"allow":["GET"]}}],"collection":[{"href":"https:\/\/encuentroinformativo.com.mx\/index.php?rest_route=\/wp\/v2\/posts"}],"about":[{"href":"https:\/\/encuentroinformativo.com.mx\/index.php?rest_route=\/wp\/v2\/types\/post"}],"author":[{"embeddable":true,"href":"https:\/\/encuentroinformativo.com.mx\/index.php?rest_route=\/wp\/v2\/users\/1"}],"replies":[{"embeddable":true,"href":"https:\/\/encuentroinformativo.com.mx\/index.php?rest_route=%2Fwp%2Fv2%2Fcomments&post=14929"}],"version-history":[{"count":1,"href":"https:\/\/encuentroinformativo.com.mx\/index.php?rest_route=\/wp\/v2\/posts\/14929\/revisions"}],"predecessor-version":[{"id":14931,"href":"https:\/\/encuentroinformativo.com.mx\/index.php?rest_route=\/wp\/v2\/posts\/14929\/revisions\/14931"}],"wp:featuredmedia":[{"embeddable":true,"href":"https:\/\/encuentroinformativo.com.mx\/index.php?rest_route=\/wp\/v2\/media\/14930"}],"wp:attachment":[{"href":"https:\/\/encuentroinformativo.com.mx\/index.php?rest_route=%2Fwp%2Fv2%2Fmedia&parent=14929"}],"wp:term":[{"taxonomy":"category","embeddable":true,"href":"https:\/\/encuentroinformativo.com.mx\/index.php?rest_route=%2Fwp%2Fv2%2Fcategories&post=14929"},{"taxonomy":"post_tag","embeddable":true,"href":"https:\/\/encuentroinformativo.com.mx\/index.php?rest_route=%2Fwp%2Fv2%2Ftags&post=14929"}],"curies":[{"name":"wp","href":"https:\/\/api.w.org\/{rel}","templated":true}]}}