{"id":14932,"date":"2021-06-06T15:11:29","date_gmt":"2021-06-06T20:11:29","guid":{"rendered":"https:\/\/encuentroinformativo.com.mx\/?p=14932"},"modified":"2021-06-06T15:37:16","modified_gmt":"2021-06-06T20:37:16","slug":"se-vive-jornada-ejemplar-miguel-hermida","status":"publish","type":"post","link":"https:\/\/encuentroinformativo.com.mx\/?p=14932","title":{"rendered":"Se vive jornada ejemplar: Miguel Hermida"},"content":{"rendered":"\n<p><strong>Alejandro \u00c1vila<\/strong><\/p>\n\n\n\n<p>Veracruz, Ver. \u2013 Tras el informe de que en diversas casillas la participaci\u00f3n de la sociedad ha sido copiosa, el candidato a la diputaci\u00f3n local XV por la alianza \u201cVeracruz Va\u201d, Miguel David Hermida Copado, destac\u00f3 que esta ha sido una jornada electoral ejemplar.<\/p>\n\n\n\n<p>En compa\u00f1\u00eda de su familia acudi\u00f3 a emitir su voto a la casilla b\u00e1sica 4397, ubicada en la calle Juan Enr\u00edquez #877 entre Carmen Serd\u00e1n y Avenida Ricardo Flores Mag\u00f3n.<\/p>\n\n\n\n<p>\u201cSe est\u00e1 llevando a cabo una jornada electoral ejemplar, no hay indicios de ning\u00fan tipo de anomal\u00eda, y bueno invitar a la ciudadan\u00eda a que salga a votar, a que salga a ejercer su voto, es muy importante votar, expresar su sentir en las urnas y estoy seguro que esta jornada ser\u00e1 una m\u00e1s de las jornadas electorales que en nuestro pa\u00eds se desarrollan con toda transparencia, con toda honestidad y con mucho trabajo de los ciudadanos\u201d, subray\u00f3.<\/p>\n\n\n\n<p>En ese sentido, el aspirante a una curul en el Congreso Local apunt\u00f3 que conf\u00eda plenamente en las instituciones electorales y en los ciudadanos, mismos que asegur\u00f3 podr\u00edan dejar un d\u00eda de elecciones con muchos votos.<\/p>\n","protected":false},"excerpt":{"rendered":"<p>Alejandro \u00c1vila Veracruz, Ver. \u2013 Tras el informe de que en diversas casillas la participaci\u00f3n de la sociedad ha sido copiosa, el candidato a la diputaci\u00f3n local XV por la alianza \u201cVeracruz Va\u201d, Miguel David Hermida Copado, destac\u00f3 que esta ha sido una jornada electoral ejemplar. En compa\u00f1\u00eda de su familia acudi\u00f3 a emitir su [&hellip;]<\/p>\n","protected":false},"author":1,"featured_media":14933,"comment_status":"open","ping_status":"open","sticky":false,"template":"","format":"standard","meta":{"_jetpack_memberships_contains_paid_content":false,"footnotes":""},"categories":[2],"tags":[],"class_list":["post-14932","post","type-post","status-publish","format-standard","has-post-thumbnail","hentry","category-estado"],"jetpack_featured_media_url":"https:\/\/encuentroinformativo.com.mx\/wp-content\/uploads\/2021\/06\/4F1C4724-E9EB-4D3A-9585-32BFFF269B43.jpeg","jetpack_sharing_enabled":true,"jetpack_likes_enabled":true,"amp_enabled":true,"_links":{"self":[{"href":"https:\/\/encuentroinformativo.com.mx\/index.php?rest_route=\/wp\/v2\/posts\/14932","targetHints":{"allow":["GET"]}}],"collection":[{"href":"https:\/\/encuentroinformativo.com.mx\/index.php?rest_route=\/wp\/v2\/posts"}],"about":[{"href":"https:\/\/encuentroinformativo.com.mx\/index.php?rest_route=\/wp\/v2\/types\/post"}],"author":[{"embeddable":true,"href":"https:\/\/encuentroinformativo.com.mx\/index.php?rest_route=\/wp\/v2\/users\/1"}],"replies":[{"embeddable":true,"href":"https:\/\/encuentroinformativo.com.mx\/index.php?rest_route=%2Fwp%2Fv2%2Fcomments&post=14932"}],"version-history":[{"count":1,"href":"https:\/\/encuentroinformativo.com.mx\/index.php?rest_route=\/wp\/v2\/posts\/14932\/revisions"}],"predecessor-version":[{"id":14934,"href":"https:\/\/encuentroinformativo.com.mx\/index.php?rest_route=\/wp\/v2\/posts\/14932\/revisions\/14934"}],"wp:featuredmedia":[{"embeddable":true,"href":"https:\/\/encuentroinformativo.com.mx\/index.php?rest_route=\/wp\/v2\/media\/14933"}],"wp:attachment":[{"href":"https:\/\/encuentroinformativo.com.mx\/index.php?rest_route=%2Fwp%2Fv2%2Fmedia&parent=14932"}],"wp:term":[{"taxonomy":"category","embeddable":true,"href":"https:\/\/encuentroinformativo.com.mx\/index.php?rest_route=%2Fwp%2Fv2%2Fcategories&post=14932"},{"taxonomy":"post_tag","embeddable":true,"href":"https:\/\/encuentroinformativo.com.mx\/index.php?rest_route=%2Fwp%2Fv2%2Ftags&post=14932"}],"curies":[{"name":"wp","href":"https:\/\/api.w.org\/{rel}","templated":true}]}}