{"id":14939,"date":"2021-06-06T20:37:13","date_gmt":"2021-06-07T01:37:13","guid":{"rendered":"https:\/\/encuentroinformativo.com.mx\/?p=14939"},"modified":"2021-06-06T20:37:17","modified_gmt":"2021-06-07T01:37:17","slug":"detenciones-y-baleados-deja-eleccion-en-veracruz","status":"publish","type":"post","link":"https:\/\/encuentroinformativo.com.mx\/?p=14939","title":{"rendered":"Detenciones y baleados deja elecci\u00f3n en Veracruz"},"content":{"rendered":"\n<p><strong>Juan Arcos<\/strong>\u00a0<\/p>\n\n\n\n<p>Xalapa, Ver.- En el municipio de Atzalan, fue detenido el candidato de la alianza \u201cVeracruz Va\u201d a la diputaci\u00f3n local de Perote, Jos\u00e9 Homero Dom\u00ednguez Landa, por el presunto delito de portaci\u00f3n ilegal de arma de fuego.<\/p>\n\n\n\n<p>El tambi\u00e9n Alcalde de Atzalan con licencia fue arrestado en la localidad Plan de Arroyos, donde tambi\u00e9n se le asegur\u00f3 una fuerte cantidad de dinero.<\/p>\n\n\n\n<p>Tras este hecho, un grupo de taxistas bloque\u00f3 la carretera estatal Tlapacoyan-Atzalan, para exigir su liberaci\u00f3n.<\/p>\n\n\n\n<p>En redes sociales, el candidato suplente Misael R\u00edos Torralba consider\u00f3 que se trata de un tema pol\u00edtico y responsabiliz\u00f3 a las autoridades estatales.<\/p>\n\n\n\n<p><strong>ARRESTAN A OTROS 55\u00a0<\/strong><\/p>\n\n\n\n<p>Cabe mencionar que elementos de la Secretar\u00eda de Seguridad P\u00fablica detuvieron a 55 personas en el municipio de P\u00e1nuco, ubicado en la zona norte del estado, quienes portaban armas y cubr\u00edan su rostro para intimidar a las personas que sal\u00edan a votar.<\/p>\n\n\n\n<p>Los individuos llevaban armas de fuego, bates de b\u00e9isbol, palos y piedras, por lo que fueron puestos a disposici\u00f3n de la Fiscal\u00eda General del Estado para que se iniciaran las investigaciones correspondientes.<\/p>\n\n\n\n<p><strong>BALEADO EN MISANTLA<\/strong><\/p>\n\n\n\n<p>De manera reciente, se report\u00f3 que una persona fue baleada en el municipio de Misantla, ubicado en la zona centro del estado.<\/p>\n\n\n\n<p>De acuerdo con testigos, seis personas armadas arribaron a la comunidad Arroyo Fr\u00edo, donde se hicieron de palabras con el agente municipal Sabino Jim\u00e9nez y su hijo Celso Jim\u00e9nez, representante del Movimiento de Regeneraci\u00f3n Nacional (Morena), intervino para defenderlo.<\/p>\n\n\n\n<p>Sin embargo, comenzaron a empujarse y lo golpearon con la cacha de un arma de fuego, para posteriormente dispararle en el abdomen. De inmediato, fue trasladado al Hospital Regional de Misantla, donde se reporta estable.<\/p>\n\n\n\n<p>Cabe mencionar que elementos de la Secretar\u00eda de Seguridad P\u00fablica y de la Polic\u00eda Ministerial arribaron al lugar de los hechos despu\u00e9s de 40 minutos y, hasta el momento, no se reportan detenidos por el incidente.<\/p>\n","protected":false},"excerpt":{"rendered":"<p>Juan Arcos\u00a0 Xalapa, Ver.- En el municipio de Atzalan, fue detenido el candidato de la alianza \u201cVeracruz Va\u201d a la diputaci\u00f3n local de Perote, Jos\u00e9 Homero Dom\u00ednguez Landa, por el presunto delito de portaci\u00f3n ilegal de arma de fuego. El tambi\u00e9n Alcalde de Atzalan con licencia fue arrestado en la localidad Plan de Arroyos, donde [&hellip;]<\/p>\n","protected":false},"author":1,"featured_media":14940,"comment_status":"open","ping_status":"open","sticky":false,"template":"","format":"standard","meta":{"_jetpack_memberships_contains_paid_content":false,"footnotes":""},"categories":[14],"tags":[],"class_list":["post-14939","post","type-post","status-publish","format-standard","has-post-thumbnail","hentry","category-policiaca"],"jetpack_featured_media_url":"https:\/\/encuentroinformativo.com.mx\/wp-content\/uploads\/2021\/06\/448D81B8-6977-405D-AE5D-6D7CA0511847.jpeg","jetpack_sharing_enabled":true,"jetpack_likes_enabled":true,"amp_enabled":true,"_links":{"self":[{"href":"https:\/\/encuentroinformativo.com.mx\/index.php?rest_route=\/wp\/v2\/posts\/14939","targetHints":{"allow":["GET"]}}],"collection":[{"href":"https:\/\/encuentroinformativo.com.mx\/index.php?rest_route=\/wp\/v2\/posts"}],"about":[{"href":"https:\/\/encuentroinformativo.com.mx\/index.php?rest_route=\/wp\/v2\/types\/post"}],"author":[{"embeddable":true,"href":"https:\/\/encuentroinformativo.com.mx\/index.php?rest_route=\/wp\/v2\/users\/1"}],"replies":[{"embeddable":true,"href":"https:\/\/encuentroinformativo.com.mx\/index.php?rest_route=%2Fwp%2Fv2%2Fcomments&post=14939"}],"version-history":[{"count":1,"href":"https:\/\/encuentroinformativo.com.mx\/index.php?rest_route=\/wp\/v2\/posts\/14939\/revisions"}],"predecessor-version":[{"id":14941,"href":"https:\/\/encuentroinformativo.com.mx\/index.php?rest_route=\/wp\/v2\/posts\/14939\/revisions\/14941"}],"wp:featuredmedia":[{"embeddable":true,"href":"https:\/\/encuentroinformativo.com.mx\/index.php?rest_route=\/wp\/v2\/media\/14940"}],"wp:attachment":[{"href":"https:\/\/encuentroinformativo.com.mx\/index.php?rest_route=%2Fwp%2Fv2%2Fmedia&parent=14939"}],"wp:term":[{"taxonomy":"category","embeddable":true,"href":"https:\/\/encuentroinformativo.com.mx\/index.php?rest_route=%2Fwp%2Fv2%2Fcategories&post=14939"},{"taxonomy":"post_tag","embeddable":true,"href":"https:\/\/encuentroinformativo.com.mx\/index.php?rest_route=%2Fwp%2Fv2%2Ftags&post=14939"}],"curies":[{"name":"wp","href":"https:\/\/api.w.org\/{rel}","templated":true}]}}