{"id":1494,"date":"2020-04-01T11:59:19","date_gmt":"2020-04-01T17:59:19","guid":{"rendered":"https:\/\/encuentroinformativo.com\/?p=1494"},"modified":"2020-04-01T11:59:21","modified_gmt":"2020-04-01T17:59:21","slug":"integran-equipos-de-investigacion-cientifica-en-salud","status":"publish","type":"post","link":"https:\/\/encuentroinformativo.com.mx\/?p=1494","title":{"rendered":"Integran equipos de investigaci\u00f3n cient\u00edfica en salud"},"content":{"rendered":"\n<p>Ciudad de M\u00e9xico.- La Universidad Nacional Aut\u00f3noma de M\u00e9xico habla a trav\u00e9s de sus cient\u00edficos y se inserta en las actividades sustantivas que coadyuven a enfrentar los retos de la COVID-19, para lo cual integr\u00f3 tres grupos de trabajo con tareas espec\u00edficas para atender las necesidades en materia de salud, medio ambiente e insumos.<br><br>Por la pandemia de la COVID-19 surgen importantes retos en materia de investigaci\u00f3n, educaci\u00f3n y difusi\u00f3n para proteger a la poblaci\u00f3n y la actividad productiva del pa\u00eds. Es fundamental estar informados y actuar en lo referente a m\u00e9todos de propagaci\u00f3n, al estudio de la escala del problema, a terapias de cuidado y prevenci\u00f3n, en los efectos sobre el sistema de salud, el medio ambiente, la econom\u00eda y la convivencia social. Por ello, la m\u00e1xima casa de estudios conform\u00f3 tres primeros equipos desde la Coordinaci\u00f3n de la Investigaci\u00f3n Cient\u00edfica que ya se encuentran trabajando.<br><br>El grupo de trabajo en materia de Salud, coordinado por la Dra. Imelda L\u00f3pez Villase\u00f1or, directora del Instituto de Investigaciones Biom\u00e9dicas y el Dr. Tonatiuh Ram\u00edrez Reivich, director del Instituto de Biotecnolog\u00eda, se encarga de la realizaci\u00f3n y el desarrollo de pruebas de diagn\u00f3stico adicionales; monitoreo de la difusi\u00f3n de contagios; adem\u00e1s de prever el apoyo al sector salud en la realizaci\u00f3n de pruebas en hospitales y entidades federativas.<br><br>Se comenz\u00f3 asimismo a impartir un curso de capacitaci\u00f3n para implementar la prueba de detecci\u00f3n del SARS-CoV-2 causante de la COVID-19 en laboratorios que tengan las instalaciones f\u00edsicas y el personal adecuados, con el prop\u00f3sito de validar esos espacios ante el Instituto de Diagn\u00f3stico y Referencia Epidemiol\u00f3gicos (INDRE).<\/p>\n\n\n\n<p>El protocolo que se utiliza es la prueba adoptada por la Organizaci\u00f3n Mundial de la Salud (OMS), misma que se est\u00e1 aplicando de manera oficial por el INDRE, la cual se basa en la detecci\u00f3n del virus mediante RT-PCR en tiempo real, de acuerdo con el m\u00e9todo desarrollado en Berl\u00edn, Alemania recientemente.<br><br>A la fecha, personal de diversas entidades universitarias ya tomaron el curso para implementarlo en sus propias instalaciones y los laboratorios se encuentran en proceso de validaci\u00f3n por el INDRE. Adicionalmente, grupos de investigaci\u00f3n de la Universidad desarrollan iniciativas para nuevas pruebas para diagn\u00f3stico de la COVID-19 que puedan ser puestas a disposici\u00f3n de la sociedad.<br><br>Por su parte, el grupo de trabajo en materia de Insumos e Instrumentaci\u00f3n, coordinado por las doctoras Cecilia Noguez Garrido, directora del Instituto de F\u00edsica y Catalina Stern Forgach, directora de la Facultad de Ciencias, se encarga del dise\u00f1o y desarrollo de prototipos y pruebas para equipos como m\u00e1scaras, cubrebocas, term\u00f3metros, ventiladores, v\u00e1lvulas para ventiladores, caretas y equipos protectores para personal del sector salud, as\u00ed como insumos directos como medio de transporte para pruebas.<br><br>Este equipo de trabajo identific\u00f3 como tareas apremiantes la vinculaci\u00f3n con hospitales y oficinas de gobierno para concentrar necesidades y clasificarlas, realizar dise\u00f1o, desarrollo y pruebas para los diversos equipos que podr\u00e1n ser fabricados para hacer frente a las necesidades m\u00e1s urgentes (caretas de protecci\u00f3n, cubrebocas, v\u00e1lvulas, ventiladores, entre otros) y coordinar la obtenci\u00f3n de recursos y garantizar la canalizaci\u00f3n de donativos as\u00ed como de la vinculaci\u00f3n con los sectores social, p\u00fablico y privado.<br><br>A su vez, el equipo de trabajo sobre Efectos Ambientales, que encabezan la doctora Telma Castro Romero, directora del Centro de Ciencias de la Atm\u00f3sfera y el Dr. Manuel Su\u00e1rez Lastra, director del Instituto de Geograf\u00eda, se est\u00e1 dedicando al estudio de los cambios ambientales provocados por la disminuci\u00f3n de la actividad humana en el agua, el aire y el suelo, en la dispersi\u00f3n de contaminantes y eventual aumento de \u00e9stos una vez pasada la pandemia, as\u00ed como al estudio de correlaciones entre efectos ambientales y predisposici\u00f3n, y la vulnerabilidad ante la pandemia.<br><br>El tercer grupo tiene como objetivo avanzar en el conocimiento cient\u00edfico relacionado con la COVID-19, sus impactos, posibles riesgos futuros y opciones de respuesta, ayudar a la comprensi\u00f3n de las relaciones e impactos entre la pandemia y los aspectos f\u00edsicos del medio ambiente (suelo, aire, agua, clima) y sus efectos en la vegetaci\u00f3n, la fauna y los seres humanos, considerando sus distintos grados y formas de vulnerabilidad.<br><br>Las consecuencias ambientales de las presiones humanas implican por un lado efectos en la salud y por lo tanto en la posible predisposici\u00f3n al contagio y sensibilidad de la poblaci\u00f3n, y por otro la pandemia en s\u00ed lleva a una modificaci\u00f3n en el uso de la energ\u00eda, con efectos secundarios hacia el medio ambiente.<br><br>Por otro lado, la disminuci\u00f3n y posterior reactivaci\u00f3n de la actividad econ\u00f3mica representan una oportunidad para inyectar innovaci\u00f3n y recursos en m\u00e9todos y din\u00e1micas sociales m\u00e1s sostenibles, con menor impacto para el medio ambiente y que busque una disminuci\u00f3n en la huella de carbono y un mayor uso, desarrollo y aprovechamiento de energ\u00edas renovables.<br><br>Los grupos de investigaci\u00f3n se incorporar\u00e1n asimismo a la realizaci\u00f3n de propuestas en los temas de desarrollo econ\u00f3mico, social y de equidad con el fin de contribuir a soluciones y planteamientos de pol\u00edtica p\u00fablica de manera integral y multidisciplinaria, requisito indispensable para poder abordar la problem\u00e1tica provocada por la COVID-19 a nivel nacional e internacional.<br><br>La UNAM reafirma as\u00ed su compromiso y vocaci\u00f3n de servicio con nuestro pa\u00eds y pone sus capacidades a disposici\u00f3n de la sociedad para beneficio de la poblaci\u00f3n.<\/p>\n","protected":false},"excerpt":{"rendered":"<p>Ciudad de M\u00e9xico.- La Universidad Nacional Aut\u00f3noma de M\u00e9xico habla a trav\u00e9s de sus cient\u00edficos y se inserta en las actividades sustantivas que coadyuven a enfrentar los retos de la COVID-19, para lo cual integr\u00f3 tres grupos de trabajo con tareas espec\u00edficas para atender las necesidades en materia de salud, medio ambiente e insumos. Por [&hellip;]<\/p>\n","protected":false},"author":1,"featured_media":1495,"comment_status":"open","ping_status":"open","sticky":false,"template":"","format":"standard","meta":{"_jetpack_memberships_contains_paid_content":false,"footnotes":""},"categories":[9],"tags":[],"class_list":["post-1494","post","type-post","status-publish","format-standard","has-post-thumbnail","hentry","category-salud"],"jetpack_featured_media_url":"https:\/\/encuentroinformativo.com.mx\/wp-content\/uploads\/2020\/04\/31A20B14-8858-4A1B-8666-BE003FAE5BA4.jpeg","jetpack_sharing_enabled":true,"jetpack_likes_enabled":true,"amp_enabled":true,"_links":{"self":[{"href":"https:\/\/encuentroinformativo.com.mx\/index.php?rest_route=\/wp\/v2\/posts\/1494","targetHints":{"allow":["GET"]}}],"collection":[{"href":"https:\/\/encuentroinformativo.com.mx\/index.php?rest_route=\/wp\/v2\/posts"}],"about":[{"href":"https:\/\/encuentroinformativo.com.mx\/index.php?rest_route=\/wp\/v2\/types\/post"}],"author":[{"embeddable":true,"href":"https:\/\/encuentroinformativo.com.mx\/index.php?rest_route=\/wp\/v2\/users\/1"}],"replies":[{"embeddable":true,"href":"https:\/\/encuentroinformativo.com.mx\/index.php?rest_route=%2Fwp%2Fv2%2Fcomments&post=1494"}],"version-history":[{"count":1,"href":"https:\/\/encuentroinformativo.com.mx\/index.php?rest_route=\/wp\/v2\/posts\/1494\/revisions"}],"predecessor-version":[{"id":1496,"href":"https:\/\/encuentroinformativo.com.mx\/index.php?rest_route=\/wp\/v2\/posts\/1494\/revisions\/1496"}],"wp:featuredmedia":[{"embeddable":true,"href":"https:\/\/encuentroinformativo.com.mx\/index.php?rest_route=\/wp\/v2\/media\/1495"}],"wp:attachment":[{"href":"https:\/\/encuentroinformativo.com.mx\/index.php?rest_route=%2Fwp%2Fv2%2Fmedia&parent=1494"}],"wp:term":[{"taxonomy":"category","embeddable":true,"href":"https:\/\/encuentroinformativo.com.mx\/index.php?rest_route=%2Fwp%2Fv2%2Fcategories&post=1494"},{"taxonomy":"post_tag","embeddable":true,"href":"https:\/\/encuentroinformativo.com.mx\/index.php?rest_route=%2Fwp%2Fv2%2Ftags&post=1494"}],"curies":[{"name":"wp","href":"https:\/\/api.w.org\/{rel}","templated":true}]}}