{"id":14947,"date":"2021-06-06T21:32:25","date_gmt":"2021-06-07T02:32:25","guid":{"rendered":"https:\/\/encuentroinformativo.com.mx\/?p=14947"},"modified":"2021-06-07T13:41:09","modified_gmt":"2021-06-07T18:41:09","slug":"la-tendencia-nos-favorece-ricardo-ahued","status":"publish","type":"post","link":"https:\/\/encuentroinformativo.com.mx\/?p=14947","title":{"rendered":"La tendencia nos favorece: Ricardo Ahued"},"content":{"rendered":"\n<p>Xalapa, Ver.- Me siento contento y comprometido, no les voy a fallar, esa esperanza que tienen en nuestro pr\u00f3ximo gobierno es extraordinaria, dijo el candidato por la alianza Morena-Verde-PT, Ricardo Ahued Bardahuil, al se\u00f1alar que las tendencias hacia su triunfo son abrumadoras.<\/p>\n\n\n\n<p>Acompa\u00f1ado de Dorheny Garc\u00eda Cayetano, Delegada Nacional de Morena y el candidato a regidor, Antonio Ballesteros, coment\u00f3 que poco a poco est\u00e1n recibiendo las actas de las casillas y se\u00f1alan una tendencia muy favorable y que m\u00e1s adelante tendr\u00e1n informaci\u00f3n con mayor detalle.<\/p>\n\n\n\n<p>\u201cTambi\u00e9n notamos que es una esperanza que tienen en nosotros y que jam\u00e1s vamos a defraudar, esta esperanza que ha sido emitida hoy democr\u00e1ticamente con el voto ciudadano ser\u00e1 desde luego para nosotros un gran compromiso, un gran reto con seriedad, honorabilidad, con car\u00e1cter y mucho trabajo por Xalapa\u201d, se\u00f1al\u00f3.<\/p>\n\n\n\n<p>Ricardo Ahued, destac\u00f3 que este proyecto es por y para Xalapa, para su gente y que pondr\u00e1n todo el empe\u00f1o, toda la transparencia y toda su fuerza para que la capital del estado d\u00e9 un giro y cambie los servicios, tenga un gobierno cercano a la gente.<\/p>\n\n\n\n<p>Destac\u00f3 que toda la ciudadan\u00eda que confi\u00f3 en su proyecto no ser\u00e1 defraudada, ser\u00e1 un gobierno que tendr\u00e1 que atender de puertas abiertas a todas y todos los xalape\u00f1os, por lo que reiter\u00f3 su agradecimiento con el electorado.<\/p>\n","protected":false},"excerpt":{"rendered":"<p>Xalapa, Ver.- Me siento contento y comprometido, no les voy a fallar, esa esperanza que tienen en nuestro pr\u00f3ximo gobierno es extraordinaria, dijo el candidato por la alianza Morena-Verde-PT, Ricardo Ahued Bardahuil, al se\u00f1alar que las tendencias hacia su triunfo son abrumadoras. Acompa\u00f1ado de Dorheny Garc\u00eda Cayetano, Delegada Nacional de Morena y el candidato a [&hellip;]<\/p>\n","protected":false},"author":1,"featured_media":14948,"comment_status":"open","ping_status":"open","sticky":false,"template":"","format":"standard","meta":{"_jetpack_memberships_contains_paid_content":false,"footnotes":""},"categories":[3],"tags":[],"class_list":["post-14947","post","type-post","status-publish","format-standard","has-post-thumbnail","hentry","category-xalapa"],"jetpack_featured_media_url":"https:\/\/encuentroinformativo.com.mx\/wp-content\/uploads\/2021\/06\/D5BBA873-3E96-46CA-92AE-E01641A6C0C5.jpeg","jetpack_sharing_enabled":true,"jetpack_likes_enabled":true,"amp_enabled":true,"_links":{"self":[{"href":"https:\/\/encuentroinformativo.com.mx\/index.php?rest_route=\/wp\/v2\/posts\/14947","targetHints":{"allow":["GET"]}}],"collection":[{"href":"https:\/\/encuentroinformativo.com.mx\/index.php?rest_route=\/wp\/v2\/posts"}],"about":[{"href":"https:\/\/encuentroinformativo.com.mx\/index.php?rest_route=\/wp\/v2\/types\/post"}],"author":[{"embeddable":true,"href":"https:\/\/encuentroinformativo.com.mx\/index.php?rest_route=\/wp\/v2\/users\/1"}],"replies":[{"embeddable":true,"href":"https:\/\/encuentroinformativo.com.mx\/index.php?rest_route=%2Fwp%2Fv2%2Fcomments&post=14947"}],"version-history":[{"count":2,"href":"https:\/\/encuentroinformativo.com.mx\/index.php?rest_route=\/wp\/v2\/posts\/14947\/revisions"}],"predecessor-version":[{"id":14974,"href":"https:\/\/encuentroinformativo.com.mx\/index.php?rest_route=\/wp\/v2\/posts\/14947\/revisions\/14974"}],"wp:featuredmedia":[{"embeddable":true,"href":"https:\/\/encuentroinformativo.com.mx\/index.php?rest_route=\/wp\/v2\/media\/14948"}],"wp:attachment":[{"href":"https:\/\/encuentroinformativo.com.mx\/index.php?rest_route=%2Fwp%2Fv2%2Fmedia&parent=14947"}],"wp:term":[{"taxonomy":"category","embeddable":true,"href":"https:\/\/encuentroinformativo.com.mx\/index.php?rest_route=%2Fwp%2Fv2%2Fcategories&post=14947"},{"taxonomy":"post_tag","embeddable":true,"href":"https:\/\/encuentroinformativo.com.mx\/index.php?rest_route=%2Fwp%2Fv2%2Ftags&post=14947"}],"curies":[{"name":"wp","href":"https:\/\/api.w.org\/{rel}","templated":true}]}}