{"id":14950,"date":"2021-06-06T21:07:46","date_gmt":"2021-06-07T02:07:46","guid":{"rendered":"https:\/\/encuentroinformativo.com.mx\/?p=14950"},"modified":"2021-06-06T21:43:17","modified_gmt":"2021-06-07T02:43:17","slug":"hermano-de-lorena-sanchez-candidata-de-morena-es-golpeado-por-alcalde-de-sayula","status":"publish","type":"post","link":"https:\/\/encuentroinformativo.com.mx\/?p=14950","title":{"rendered":"Hermano de Lorena S\u00e1nchez, candidata de Morena es golpeado por alcalde de Sayula"},"content":{"rendered":"\n<p><strong>Alejandro \u00c1vila<\/strong><\/p>\n\n\n\n<p>Sayula de Alem\u00e1n, Ver.- Jorge S\u00e1nchez Vargas, hermano de la candidata de Morena, fue brutalmente golpeado por el alcalde de Sayula de Alem\u00e1n, Flavio Mu\u00f1oz Murrieta, se aprecia en un video e imagenes difundidas en redes sociales.<\/p>\n\n\n\n<p>Seg\u00fan testigos, Juan S\u00e1nchez y su tio Jos\u00e9, pasaban por una casilla, cuando un grupo de choque perredista los increp\u00f3 y entre empujones y gritos lo llevaron a donde se encontraba el edil.<\/p>\n\n\n\n<p>En el video se aprecia el momento en que el Flavio Mu\u00f1oz lanza patadas y amenaza al hermano de Lorena S\u00e1nchez, quien es salvado por elementos de la Guard\u00eda Nacional, haciendo una detenci\u00f3n por una presunta falta administrativa para poder salvarlo.<\/p>\n\n\n\n<p>Seg\u00fan el conteo r\u00e1pido, la morenista lleva cierta ventaja, situaci\u00f3n que tendr\u00eda preocupado al edil.<\/p>\n\n\n\n<p>Trascendi\u00f3 que los perredistas se estar\u00edan organizando para tomar las oficinas del OPLE municipal, adem\u00e1s de que buscar\u00edan la impugnaci\u00f3n por hechos de violencia que ellos mismos generaron.<\/p>\n","protected":false},"excerpt":{"rendered":"<p>Alejandro \u00c1vila Sayula de Alem\u00e1n, Ver.- Jorge S\u00e1nchez Vargas, hermano de la candidata de Morena, fue brutalmente golpeado por el alcalde de Sayula de Alem\u00e1n, Flavio Mu\u00f1oz Murrieta, se aprecia en un video e imagenes difundidas en redes sociales. Seg\u00fan testigos, Juan S\u00e1nchez y su tio Jos\u00e9, pasaban por una casilla, cuando un grupo de [&hellip;]<\/p>\n","protected":false},"author":1,"featured_media":14951,"comment_status":"open","ping_status":"open","sticky":false,"template":"","format":"standard","meta":{"_jetpack_memberships_contains_paid_content":false,"footnotes":""},"categories":[14],"tags":[],"class_list":["post-14950","post","type-post","status-publish","format-standard","has-post-thumbnail","hentry","category-policiaca"],"jetpack_featured_media_url":"https:\/\/encuentroinformativo.com.mx\/wp-content\/uploads\/2021\/06\/CEF589AE-6FB3-4593-A531-88CF2219DDC6.jpeg","jetpack_sharing_enabled":true,"jetpack_likes_enabled":true,"amp_enabled":true,"_links":{"self":[{"href":"https:\/\/encuentroinformativo.com.mx\/index.php?rest_route=\/wp\/v2\/posts\/14950","targetHints":{"allow":["GET"]}}],"collection":[{"href":"https:\/\/encuentroinformativo.com.mx\/index.php?rest_route=\/wp\/v2\/posts"}],"about":[{"href":"https:\/\/encuentroinformativo.com.mx\/index.php?rest_route=\/wp\/v2\/types\/post"}],"author":[{"embeddable":true,"href":"https:\/\/encuentroinformativo.com.mx\/index.php?rest_route=\/wp\/v2\/users\/1"}],"replies":[{"embeddable":true,"href":"https:\/\/encuentroinformativo.com.mx\/index.php?rest_route=%2Fwp%2Fv2%2Fcomments&post=14950"}],"version-history":[{"count":1,"href":"https:\/\/encuentroinformativo.com.mx\/index.php?rest_route=\/wp\/v2\/posts\/14950\/revisions"}],"predecessor-version":[{"id":14952,"href":"https:\/\/encuentroinformativo.com.mx\/index.php?rest_route=\/wp\/v2\/posts\/14950\/revisions\/14952"}],"wp:featuredmedia":[{"embeddable":true,"href":"https:\/\/encuentroinformativo.com.mx\/index.php?rest_route=\/wp\/v2\/media\/14951"}],"wp:attachment":[{"href":"https:\/\/encuentroinformativo.com.mx\/index.php?rest_route=%2Fwp%2Fv2%2Fmedia&parent=14950"}],"wp:term":[{"taxonomy":"category","embeddable":true,"href":"https:\/\/encuentroinformativo.com.mx\/index.php?rest_route=%2Fwp%2Fv2%2Fcategories&post=14950"},{"taxonomy":"post_tag","embeddable":true,"href":"https:\/\/encuentroinformativo.com.mx\/index.php?rest_route=%2Fwp%2Fv2%2Ftags&post=14950"}],"curies":[{"name":"wp","href":"https:\/\/api.w.org\/{rel}","templated":true}]}}