{"id":14960,"date":"2021-06-07T10:16:27","date_gmt":"2021-06-07T15:16:27","guid":{"rendered":"https:\/\/encuentroinformativo.com.mx\/?p=14960"},"modified":"2021-06-07T10:16:32","modified_gmt":"2021-06-07T15:16:32","slug":"el-caron-y-el-orizabeno","status":"publish","type":"post","link":"https:\/\/encuentroinformativo.com.mx\/?p=14960","title":{"rendered":"El Car\u00f3n y el Orizabe\u00f1o"},"content":{"rendered":"\n<p><strong>Los Pol\u00edticos<\/strong><\/p>\n\n\n\n<p><strong>Salvador Mu\u00f1oz<\/strong><\/p>\n\n\n\n<p>Si las cosas no cambian en esta madrugada, este lunes se pudiera hablar que Juan Javier G\u00f3mez Cazar\u00edn cumpli\u00f3 su cometido:<\/p>\n\n\n\n<p>Mantiene mayor\u00eda en el Congreso local\u2026 y no s\u00f3lo eso: derrumba mitos&#8230; insisto, si persiste la constante que parece irreversible con la que esta noche de domingo cerramos estos comicios.<\/p>\n\n\n\n<p>Aunado a ello, fortalece al Poder Ejecutivo al mantener la triada que cualquier Gobernador busca para ejercer su mandato: tener de aliados al Legislativo y al Judicial. Y hablando de triadas, no s\u00f3lo el Car\u00f3n se fortalece, sino tambi\u00e9n la dirigencia que \u201cde encargo\u201d tiene Esteban Ram\u00edrez Zepeta y de refil\u00f3n, el abue, Domingo Bahena Corbal\u00e1. Tanto G\u00f3mez Cazar\u00edn como el Chogoste\u00f1o, tienen ya un lugar en la pr\u00f3xima Legislatura en calidad de Pluris.<\/p>\n\n\n\n<p>El de Hueyapan, como n\u00famero 1; el de J\u00e1ltipan, como 5, entra caminando al Palacio de Encanto nuevamente como Legislador.<\/p>\n\n\n\n<p>Ahora, cuando se dice que derrumba mitos, se refiere uno a que hizo valer por encima de candidatos fuertes de la oposici\u00f3n, a sus cartas, como por ejemplo a El Coyame Rub\u00e9n Carrasco que ten\u00eda todo en contra \u00a1hasta a los suyos!, o qu\u00e9 decir de un desconocido como Luis Z\u00e1rate en Coatepec, pero que iba encargado por el Gobernador.<\/p>\n\n\n\n<p>As\u00ed que mientras a nivel federal todo indica que se cumpli\u00f3 el cometido de la oposici\u00f3n para nivelar las fuerzas; a nivel aldea, Morena, de la mano de la triada citada, mantiene asentados sus reales en la esquina de Encanto con L\u00e1zaro C\u00e1rdenas\u2026 Que conste: a sabiendas de que ten\u00eda todo en contra, con un grupo de diputados que igual parec\u00edan \u201cnacidos para perder\u201d, El Car\u00f3n est\u00e1 a unos conteos de convertirse en un factor relevante para el siguiente paso a trabajar: 2024\u2026 y antes de que se emocionen sus admiradores y me lapiden sus detractores, cuando digo \u201cRelevante\u201d, me refiero a Importante, no que pueda ser el Relevo de Cuic\u2026 aunque pinte para serlo de otro.<\/p>\n\n\n\n<p><strong>II<\/strong><\/p>\n\n\n\n<p>Si las cosas no cambian de aqu\u00ed a este lunes, un orizabe\u00f1o ser\u00e1 gobernador y de paso, una de las estrellitas que ten\u00eda Julen Rementer\u00eda, se deval\u00faa\u2026 no mucho, pero s\u00ed pierde color.De acuerdo a las encuestas de salida que ayer pasadas las elecciones daban los panistas, el candidato a gobernador por Quer\u00e9taro, Mauricio Kuri Gonz\u00e1lez, se perfilaba como el triunfador en las urnas; y mientras esto ocurr\u00eda, en Orizaba, sus parientes lo celebraban. S\u00ed, Mauricio es veracruzano.Con 52 a\u00f1os reci\u00e9n cumplidos el pasado mayo, Mauricio Kuri junto con su familia, sali\u00f3 de la Pluviosilla a la edad de nuevo a\u00f1os para asentarse en Quer\u00e9taro.<\/p>\n\n\n\n<p>All\u00ed pues, hace la mayor parte de su vida, tanto personal como pol\u00edtica, pero sin olvidar sus ra\u00edces: \u201corizabe\u00f1o de nacimiento, queretano por adopci\u00f3n\u201d, reza en entrevistas.<\/p>\n\n\n\n<p>\u00bfY Julen? \u00bfD\u00f3nde chinitas entra?Ah, pues ilusos nosotros los mortales, porque cuando Julen Rementer\u00eda fue nombrado Coordinador de los Senadores del PAN en la C\u00e1mara Alta, cre\u00edmos que era el primer veracruzano en ocupar tal cargo y simplemente tomaba el relevo que otro veracruzano de nacimiento dejaba para ir a contender por la gubernatura de Quer\u00e9taro.Como sea, el hecho de que dos veracruzanos hayan hecho el 1-2 en la Coordinaci\u00f3n de los Senadores panistas, es igual de destacable para el ego jarocho y chayotero.<\/p>\n\n\n\n<p><a rel=\"noreferrer noopener\" href=\"mailto:smcainito@gmail.com\" target=\"_blank\">smcainito@gmail.com<\/a><\/p>\n","protected":false},"excerpt":{"rendered":"<p>Los Pol\u00edticos Salvador Mu\u00f1oz Si las cosas no cambian en esta madrugada, este lunes se pudiera hablar que Juan Javier G\u00f3mez Cazar\u00edn cumpli\u00f3 su cometido: Mantiene mayor\u00eda en el Congreso local\u2026 y no s\u00f3lo eso: derrumba mitos&#8230; insisto, si persiste la constante que parece irreversible con la que esta noche de domingo cerramos estos comicios. [&hellip;]<\/p>\n","protected":false},"author":1,"featured_media":70,"comment_status":"open","ping_status":"open","sticky":false,"template":"","format":"standard","meta":{"_jetpack_memberships_contains_paid_content":false,"footnotes":""},"categories":[11],"tags":[],"class_list":["post-14960","post","type-post","status-publish","format-standard","has-post-thumbnail","hentry","category-opinion"],"jetpack_featured_media_url":"https:\/\/encuentroinformativo.com.mx\/wp-content\/uploads\/2020\/02\/opinion-invitado.jpg","jetpack_sharing_enabled":true,"jetpack_likes_enabled":true,"amp_enabled":true,"_links":{"self":[{"href":"https:\/\/encuentroinformativo.com.mx\/index.php?rest_route=\/wp\/v2\/posts\/14960","targetHints":{"allow":["GET"]}}],"collection":[{"href":"https:\/\/encuentroinformativo.com.mx\/index.php?rest_route=\/wp\/v2\/posts"}],"about":[{"href":"https:\/\/encuentroinformativo.com.mx\/index.php?rest_route=\/wp\/v2\/types\/post"}],"author":[{"embeddable":true,"href":"https:\/\/encuentroinformativo.com.mx\/index.php?rest_route=\/wp\/v2\/users\/1"}],"replies":[{"embeddable":true,"href":"https:\/\/encuentroinformativo.com.mx\/index.php?rest_route=%2Fwp%2Fv2%2Fcomments&post=14960"}],"version-history":[{"count":1,"href":"https:\/\/encuentroinformativo.com.mx\/index.php?rest_route=\/wp\/v2\/posts\/14960\/revisions"}],"predecessor-version":[{"id":14961,"href":"https:\/\/encuentroinformativo.com.mx\/index.php?rest_route=\/wp\/v2\/posts\/14960\/revisions\/14961"}],"wp:featuredmedia":[{"embeddable":true,"href":"https:\/\/encuentroinformativo.com.mx\/index.php?rest_route=\/wp\/v2\/media\/70"}],"wp:attachment":[{"href":"https:\/\/encuentroinformativo.com.mx\/index.php?rest_route=%2Fwp%2Fv2%2Fmedia&parent=14960"}],"wp:term":[{"taxonomy":"category","embeddable":true,"href":"https:\/\/encuentroinformativo.com.mx\/index.php?rest_route=%2Fwp%2Fv2%2Fcategories&post=14960"},{"taxonomy":"post_tag","embeddable":true,"href":"https:\/\/encuentroinformativo.com.mx\/index.php?rest_route=%2Fwp%2Fv2%2Ftags&post=14960"}],"curies":[{"name":"wp","href":"https:\/\/api.w.org\/{rel}","templated":true}]}}