{"id":14967,"date":"2021-06-07T13:07:44","date_gmt":"2021-06-07T18:07:44","guid":{"rendered":"https:\/\/encuentroinformativo.com.mx\/?p=14967"},"modified":"2021-06-07T13:07:48","modified_gmt":"2021-06-07T18:07:48","slug":"se-les-paso-la-mano-raul-arias","status":"publish","type":"post","link":"https:\/\/encuentroinformativo.com.mx\/?p=14967","title":{"rendered":"Se les pas\u00f3 la mano: Ra\u00fal Arias"},"content":{"rendered":"\n<p><strong>Dar\u00edo Pale<\/strong><\/p>\n\n\n\n<p>Xalapa, Ver.- &#8220;Se les pas\u00f3 la mano&#8221; a quienes ganaron y aunque no mencion\u00f3 a alguien en particular, dijo que &#8220;algo&#8221; pas\u00f3 para que ganaran, as\u00ed lo dio a conocer el candidato a la alcald\u00eda de Xalapa, por el partido Movimiento Ciudadano, Ra\u00fal Arias Lovillo.<\/p>\n\n\n\n<p>En conferencia de prensa realizada en conocido caf\u00e9 del centro de Xalapa, se\u00f1al\u00f3 que para agradecer a quienes votaron por \u00e9l, coment\u00f3 que se siente satisfecho aunque por supuesto le hubiera gustado ganar.<\/p>\n\n\n\n<p>&#8220;Esa enorme distancia entre el entusiasmo que estamos comentando y los resultados en la votaci\u00f3n. Desafortunadamente no tenemos una explicaci\u00f3n, pero es un contraste que creo, se les pas\u00f3 la mano&#8221;, coment\u00f3.<\/p>\n\n\n\n<p>Y es que, refiri\u00f3, todas las encuestas nunca les dieron un porcentaje tan bajo, pero reconoci\u00f3 que no ten\u00eda elementos para decir que ocurri\u00f3 &#8220;algo&#8221; aunque todos lo intuyen.<\/p>\n\n\n\n<p>Se\u00f1al\u00f3 que el conflicto social queda latente, pues hay un conjunto de problemas que ah\u00ed se quedan, adem\u00e1s de que seguir\u00e1 la inseguridad y la violencia, por lo que opin\u00f3 que si se reiteran las mismas pol\u00edticas de la ocurrencia y la improvisaci\u00f3n, Xalapa no recuperar\u00e1 su grandeza.<\/p>\n\n\n\n<p>Por \u00faltimo admiti\u00f3 que no es suficiente tener un buen proyecto o proponer soluciones, se deben movilizar a los ciudadanos, pero con mucho m\u00e1s tiempo.<\/p>\n","protected":false},"excerpt":{"rendered":"<p>Dar\u00edo Pale Xalapa, Ver.- &#8220;Se les pas\u00f3 la mano&#8221; a quienes ganaron y aunque no mencion\u00f3 a alguien en particular, dijo que &#8220;algo&#8221; pas\u00f3 para que ganaran, as\u00ed lo dio a conocer el candidato a la alcald\u00eda de Xalapa, por el partido Movimiento Ciudadano, Ra\u00fal Arias Lovillo. En conferencia de prensa realizada en conocido caf\u00e9 [&hellip;]<\/p>\n","protected":false},"author":1,"featured_media":14968,"comment_status":"open","ping_status":"open","sticky":false,"template":"","format":"standard","meta":{"_jetpack_memberships_contains_paid_content":false,"footnotes":""},"categories":[3],"tags":[],"class_list":["post-14967","post","type-post","status-publish","format-standard","has-post-thumbnail","hentry","category-xalapa"],"jetpack_featured_media_url":"https:\/\/encuentroinformativo.com.mx\/wp-content\/uploads\/2021\/06\/8CCBDD74-458D-461D-A6BA-280FDAC34FFC.jpeg","jetpack_sharing_enabled":true,"jetpack_likes_enabled":true,"amp_enabled":true,"_links":{"self":[{"href":"https:\/\/encuentroinformativo.com.mx\/index.php?rest_route=\/wp\/v2\/posts\/14967","targetHints":{"allow":["GET"]}}],"collection":[{"href":"https:\/\/encuentroinformativo.com.mx\/index.php?rest_route=\/wp\/v2\/posts"}],"about":[{"href":"https:\/\/encuentroinformativo.com.mx\/index.php?rest_route=\/wp\/v2\/types\/post"}],"author":[{"embeddable":true,"href":"https:\/\/encuentroinformativo.com.mx\/index.php?rest_route=\/wp\/v2\/users\/1"}],"replies":[{"embeddable":true,"href":"https:\/\/encuentroinformativo.com.mx\/index.php?rest_route=%2Fwp%2Fv2%2Fcomments&post=14967"}],"version-history":[{"count":1,"href":"https:\/\/encuentroinformativo.com.mx\/index.php?rest_route=\/wp\/v2\/posts\/14967\/revisions"}],"predecessor-version":[{"id":14969,"href":"https:\/\/encuentroinformativo.com.mx\/index.php?rest_route=\/wp\/v2\/posts\/14967\/revisions\/14969"}],"wp:featuredmedia":[{"embeddable":true,"href":"https:\/\/encuentroinformativo.com.mx\/index.php?rest_route=\/wp\/v2\/media\/14968"}],"wp:attachment":[{"href":"https:\/\/encuentroinformativo.com.mx\/index.php?rest_route=%2Fwp%2Fv2%2Fmedia&parent=14967"}],"wp:term":[{"taxonomy":"category","embeddable":true,"href":"https:\/\/encuentroinformativo.com.mx\/index.php?rest_route=%2Fwp%2Fv2%2Fcategories&post=14967"},{"taxonomy":"post_tag","embeddable":true,"href":"https:\/\/encuentroinformativo.com.mx\/index.php?rest_route=%2Fwp%2Fv2%2Ftags&post=14967"}],"curies":[{"name":"wp","href":"https:\/\/api.w.org\/{rel}","templated":true}]}}