{"id":1497,"date":"2020-04-01T13:07:41","date_gmt":"2020-04-01T19:07:41","guid":{"rendered":"https:\/\/encuentroinformativo.com\/?p=1497"},"modified":"2020-04-01T13:07:44","modified_gmt":"2020-04-01T19:07:44","slug":"periodistas-reclaman-justicia-para-maria-elena-ferral","status":"publish","type":"post","link":"https:\/\/encuentroinformativo.com.mx\/?p=1497","title":{"rendered":"Periodistas reclaman justicia para Mar\u00eda Elena Ferral"},"content":{"rendered":"\n<p><strong>Juan Arcos <\/strong><\/p>\n\n\n\n<p>Xalapa, Ver.- Un grupo de reporteros protest\u00f3 frente a Palacio de Gobierno para exigir justicia por el asesinato de Mar\u00eda Elena Ferral Mart\u00ednez en Papantla.<\/p>\n\n\n\n<p>Los comunicadores hicieron un pronunciamiento en Plaza Sebasti\u00e1n Lerdo de Tejada y posteriormente bloquearon unos minutos la calle Juan de la Luz Enr\u00edquez.<\/p>\n\n\n\n<p>\u201cUstedes sus balas nosotros nuestra palabra\u201d, \u201cperiodistas asesinados no somos golpe pol\u00edtico\u201d y \u201cCuitl\u00e1huac van dos en tu gobierno\u201d, se le\u00eda en sus pancartas.<\/p>\n\n\n\n<p>En el lugar, la reportera Ver\u00f3nica Huerta Aburto, indic\u00f3 que la Fiscal\u00eda General del Estado (FGE) debe investigar y dar con los responsables del crimen registrado el pasado lunes 30 de marzo.<\/p>\n\n\n\n<p>\u201cEs un crimen que nos ha lastimado a todos, no solamente a los que la conoc\u00edamos, nos lastima a todos. Como dice Balbina Flores, de Reporteros Sin Fronteras, este asesinado muestra que los periodistas contin\u00faan en una situaci\u00f3n de vulnerabilidad al realizar su trabajo\u201d.<\/p>\n\n\n\n<p>Cabe destacar que de 2012 a la fecha han sido asesinados 27 de periodistas en Veracruz.<\/p>\n\n\n\n<p>Los dos \u00faltimos cr\u00edmenes ocurrieron durante esta administraci\u00f3n estatal.<\/p>\n\n\n\n<p>\u201cQueremos que haya justicia, que no haya impunidad\u201d, enfatiz\u00f3 Huerta Aburto.<\/p>\n\n\n\n<p><\/p>\n","protected":false},"excerpt":{"rendered":"<p>Juan Arcos Xalapa, Ver.- Un grupo de reporteros protest\u00f3 frente a Palacio de Gobierno para exigir justicia por el asesinato de Mar\u00eda Elena Ferral Mart\u00ednez en Papantla. Los comunicadores hicieron un pronunciamiento en Plaza Sebasti\u00e1n Lerdo de Tejada y posteriormente bloquearon unos minutos la calle Juan de la Luz Enr\u00edquez. \u201cUstedes sus balas nosotros nuestra [&hellip;]<\/p>\n","protected":false},"author":1,"featured_media":1498,"comment_status":"open","ping_status":"open","sticky":false,"template":"","format":"standard","meta":{"_jetpack_memberships_contains_paid_content":false,"footnotes":""},"categories":[2],"tags":[],"class_list":["post-1497","post","type-post","status-publish","format-standard","has-post-thumbnail","hentry","category-estado"],"jetpack_featured_media_url":"https:\/\/encuentroinformativo.com.mx\/wp-content\/uploads\/2020\/04\/CDF21DB4-25F7-4B7B-8E76-6B5468C4A4E6.jpeg","jetpack_sharing_enabled":true,"jetpack_likes_enabled":true,"amp_enabled":true,"_links":{"self":[{"href":"https:\/\/encuentroinformativo.com.mx\/index.php?rest_route=\/wp\/v2\/posts\/1497","targetHints":{"allow":["GET"]}}],"collection":[{"href":"https:\/\/encuentroinformativo.com.mx\/index.php?rest_route=\/wp\/v2\/posts"}],"about":[{"href":"https:\/\/encuentroinformativo.com.mx\/index.php?rest_route=\/wp\/v2\/types\/post"}],"author":[{"embeddable":true,"href":"https:\/\/encuentroinformativo.com.mx\/index.php?rest_route=\/wp\/v2\/users\/1"}],"replies":[{"embeddable":true,"href":"https:\/\/encuentroinformativo.com.mx\/index.php?rest_route=%2Fwp%2Fv2%2Fcomments&post=1497"}],"version-history":[{"count":1,"href":"https:\/\/encuentroinformativo.com.mx\/index.php?rest_route=\/wp\/v2\/posts\/1497\/revisions"}],"predecessor-version":[{"id":1499,"href":"https:\/\/encuentroinformativo.com.mx\/index.php?rest_route=\/wp\/v2\/posts\/1497\/revisions\/1499"}],"wp:featuredmedia":[{"embeddable":true,"href":"https:\/\/encuentroinformativo.com.mx\/index.php?rest_route=\/wp\/v2\/media\/1498"}],"wp:attachment":[{"href":"https:\/\/encuentroinformativo.com.mx\/index.php?rest_route=%2Fwp%2Fv2%2Fmedia&parent=1497"}],"wp:term":[{"taxonomy":"category","embeddable":true,"href":"https:\/\/encuentroinformativo.com.mx\/index.php?rest_route=%2Fwp%2Fv2%2Fcategories&post=1497"},{"taxonomy":"post_tag","embeddable":true,"href":"https:\/\/encuentroinformativo.com.mx\/index.php?rest_route=%2Fwp%2Fv2%2Ftags&post=1497"}],"curies":[{"name":"wp","href":"https:\/\/api.w.org\/{rel}","templated":true}]}}