{"id":14975,"date":"2021-06-07T13:47:10","date_gmt":"2021-06-07T18:47:10","guid":{"rendered":"https:\/\/encuentroinformativo.com.mx\/?p=14975"},"modified":"2021-06-07T13:47:14","modified_gmt":"2021-06-07T18:47:14","slug":"reanudan-protestas-jubilados-de-telmex","status":"publish","type":"post","link":"https:\/\/encuentroinformativo.com.mx\/?p=14975","title":{"rendered":"Reanudan protestas jubilados de Telmex"},"content":{"rendered":"\n<p><strong>Dar\u00edo Pale <\/strong><\/p>\n\n\n\n<p>Xalapa, Ver.- De nueva cuenta se vuelven a manifestar en la plaza Lerdo los Jubilados de Tel\u00e9fonos de M\u00e9xico (Telmex) y reiteraron que podr\u00edan acudir a la conferencia ma\u00f1anera del presidente Andr\u00e9s Manuel L\u00f3pez Obrador el pr\u00f3ximo 10 de junio, para exigir que sea respetado el contrato colectivo de trabajo.<\/p>\n\n\n\n<p>Entrevistado durante la manifestaci\u00f3n frente a palacio de gobierno H\u00e9ctor Amado Salazar, uno de los jubilados, se\u00f1al\u00f3 que Telmex pretende desaparecer las jubilaciones y el contrato colectivo de trabajo.<\/p>\n\n\n\n<p>Por lo anterior se plantaron en Plaza Sebasti\u00e1n Lerdo de Tejada, donde mostraron pancartas con diversos mensajes, como: \u201cno soy pasivo laboral\u201d, no soy huev\u00f3n\u201d y no \u00a0\u201cno soy esquirol\u201d.<\/p>\n\n\n\n<p>Adem\u00e1s la empresa pretende bajar en un 40 por ciento los salarios y jubilaciones, mediante la venta de las acciones.<\/p>\n\n\n\n<p>\u201cNos quieren cortar el 40 por ciento de las jubilaciones y tambi\u00e9n los salarios a los trabajadores en activo. Es lo que est\u00e1n planteando con la venta de acciones, tanto el sindicato como la empresa\u201d, acus\u00f3.<\/p>\n\n\n\n<p>Finalmente el quejoso tambi\u00e9n pidi\u00f3 la recuperaci\u00f3n de lo sustra\u00eddo del fondo de pensiones, para que no sean afectados los trabajadores.<\/p>\n","protected":false},"excerpt":{"rendered":"<p>Dar\u00edo Pale Xalapa, Ver.- De nueva cuenta se vuelven a manifestar en la plaza Lerdo los Jubilados de Tel\u00e9fonos de M\u00e9xico (Telmex) y reiteraron que podr\u00edan acudir a la conferencia ma\u00f1anera del presidente Andr\u00e9s Manuel L\u00f3pez Obrador el pr\u00f3ximo 10 de junio, para exigir que sea respetado el contrato colectivo de trabajo. Entrevistado durante la [&hellip;]<\/p>\n","protected":false},"author":1,"featured_media":14976,"comment_status":"open","ping_status":"open","sticky":false,"template":"","format":"standard","meta":{"_jetpack_memberships_contains_paid_content":false,"footnotes":""},"categories":[3],"tags":[],"class_list":["post-14975","post","type-post","status-publish","format-standard","has-post-thumbnail","hentry","category-xalapa"],"jetpack_featured_media_url":"https:\/\/encuentroinformativo.com.mx\/wp-content\/uploads\/2021\/06\/9409BE9C-BC53-471A-AABE-C9DD43985A43.jpeg","jetpack_sharing_enabled":true,"jetpack_likes_enabled":true,"amp_enabled":true,"_links":{"self":[{"href":"https:\/\/encuentroinformativo.com.mx\/index.php?rest_route=\/wp\/v2\/posts\/14975","targetHints":{"allow":["GET"]}}],"collection":[{"href":"https:\/\/encuentroinformativo.com.mx\/index.php?rest_route=\/wp\/v2\/posts"}],"about":[{"href":"https:\/\/encuentroinformativo.com.mx\/index.php?rest_route=\/wp\/v2\/types\/post"}],"author":[{"embeddable":true,"href":"https:\/\/encuentroinformativo.com.mx\/index.php?rest_route=\/wp\/v2\/users\/1"}],"replies":[{"embeddable":true,"href":"https:\/\/encuentroinformativo.com.mx\/index.php?rest_route=%2Fwp%2Fv2%2Fcomments&post=14975"}],"version-history":[{"count":1,"href":"https:\/\/encuentroinformativo.com.mx\/index.php?rest_route=\/wp\/v2\/posts\/14975\/revisions"}],"predecessor-version":[{"id":14977,"href":"https:\/\/encuentroinformativo.com.mx\/index.php?rest_route=\/wp\/v2\/posts\/14975\/revisions\/14977"}],"wp:featuredmedia":[{"embeddable":true,"href":"https:\/\/encuentroinformativo.com.mx\/index.php?rest_route=\/wp\/v2\/media\/14976"}],"wp:attachment":[{"href":"https:\/\/encuentroinformativo.com.mx\/index.php?rest_route=%2Fwp%2Fv2%2Fmedia&parent=14975"}],"wp:term":[{"taxonomy":"category","embeddable":true,"href":"https:\/\/encuentroinformativo.com.mx\/index.php?rest_route=%2Fwp%2Fv2%2Fcategories&post=14975"},{"taxonomy":"post_tag","embeddable":true,"href":"https:\/\/encuentroinformativo.com.mx\/index.php?rest_route=%2Fwp%2Fv2%2Ftags&post=14975"}],"curies":[{"name":"wp","href":"https:\/\/api.w.org\/{rel}","templated":true}]}}