{"id":14984,"date":"2021-06-07T15:59:53","date_gmt":"2021-06-07T20:59:53","guid":{"rendered":"https:\/\/encuentroinformativo.com.mx\/?p=14984"},"modified":"2021-06-07T15:59:58","modified_gmt":"2021-06-07T20:59:58","slug":"recortan-techo-financiero-para-organizaciones-sindicales","status":"publish","type":"post","link":"https:\/\/encuentroinformativo.com.mx\/?p=14984","title":{"rendered":"Recortan techo financiero para organizaciones sindicales"},"content":{"rendered":"\n<p><strong>Juan Arcos<\/strong><\/p>\n\n\n\n<p>Xalapa, Ver.- El techo presupuestal asignado a las organizaciones sindicales de trabajadores al servicio de la educaci\u00f3n fue recortado en un 90 por ciento.<\/p>\n\n\n\n<p>As\u00ed lo denunci\u00f3 el secretario general del Sindicato Independiente de Trabajadores al Servicio de la Educaci\u00f3n de Veracruz (SITASEV), Eleazar Hern\u00e1ndez, quien a\u00f1adi\u00f3 que dicho recurso econ\u00f3mico es destinado para las recategorizaciones de las profesoras y profesores de la entidad.<\/p>\n\n\n\n<p>\u201cSin embargo, este techo presupuestal ha sido mermado para todas las organizaciones sindicales del Estado de Veracruz\u201d.<\/p>\n\n\n\n<p>El l\u00edder magisterial detall\u00f3 que el recorte presupuestal afecta, de manera directa, a cinco mil docentes de los distintos municipios del Estado.<\/p>\n\n\n\n<p>\u201cLa Secretar\u00eda de Educaci\u00f3n de Veracruz ha recibido un techo presupuestal, el cual se destina principalmente para las recategorizaciones (escalaf\u00f3n) de los compa\u00f1eros maestros\u201d.&nbsp;<\/p>\n\n\n\n<p>Por tal motivo, Eleazar Hern\u00e1ndez pidi\u00f3 a la Oficial\u00eda Mayor de la Secretar\u00eda de Educaci\u00f3n de Veracruz que respete el techo presupuestal asignado a los sindicatos magisteriales desde 2018.<\/p>\n\n\n\n<p>\u201cPedimos sensibilidad para los compa\u00f1eros maestros que est\u00e1n siendo afectados por el recorte de las asignaciones de techo presupuestal para las organizaciones sindicales\u201d.<\/p>\n\n\n\n<p>En ese sentido, no se descarta que contin\u00faen las manifestaciones en el capital del estado para exigir el cumplimiento de dichos lineamiento por parte de la dependencia estatal mencionada.<\/p>\n","protected":false},"excerpt":{"rendered":"<p>Juan Arcos Xalapa, Ver.- El techo presupuestal asignado a las organizaciones sindicales de trabajadores al servicio de la educaci\u00f3n fue recortado en un 90 por ciento. As\u00ed lo denunci\u00f3 el secretario general del Sindicato Independiente de Trabajadores al Servicio de la Educaci\u00f3n de Veracruz (SITASEV), Eleazar Hern\u00e1ndez, quien a\u00f1adi\u00f3 que dicho recurso econ\u00f3mico es destinado [&hellip;]<\/p>\n","protected":false},"author":1,"featured_media":14985,"comment_status":"open","ping_status":"open","sticky":false,"template":"","format":"standard","meta":{"_jetpack_memberships_contains_paid_content":false,"footnotes":""},"categories":[2],"tags":[],"class_list":["post-14984","post","type-post","status-publish","format-standard","has-post-thumbnail","hentry","category-estado"],"jetpack_featured_media_url":"https:\/\/encuentroinformativo.com.mx\/wp-content\/uploads\/2021\/06\/07AF18AF-C268-407B-8A57-E1BBD4E6345C.jpeg","jetpack_sharing_enabled":true,"jetpack_likes_enabled":true,"amp_enabled":true,"_links":{"self":[{"href":"https:\/\/encuentroinformativo.com.mx\/index.php?rest_route=\/wp\/v2\/posts\/14984","targetHints":{"allow":["GET"]}}],"collection":[{"href":"https:\/\/encuentroinformativo.com.mx\/index.php?rest_route=\/wp\/v2\/posts"}],"about":[{"href":"https:\/\/encuentroinformativo.com.mx\/index.php?rest_route=\/wp\/v2\/types\/post"}],"author":[{"embeddable":true,"href":"https:\/\/encuentroinformativo.com.mx\/index.php?rest_route=\/wp\/v2\/users\/1"}],"replies":[{"embeddable":true,"href":"https:\/\/encuentroinformativo.com.mx\/index.php?rest_route=%2Fwp%2Fv2%2Fcomments&post=14984"}],"version-history":[{"count":1,"href":"https:\/\/encuentroinformativo.com.mx\/index.php?rest_route=\/wp\/v2\/posts\/14984\/revisions"}],"predecessor-version":[{"id":14986,"href":"https:\/\/encuentroinformativo.com.mx\/index.php?rest_route=\/wp\/v2\/posts\/14984\/revisions\/14986"}],"wp:featuredmedia":[{"embeddable":true,"href":"https:\/\/encuentroinformativo.com.mx\/index.php?rest_route=\/wp\/v2\/media\/14985"}],"wp:attachment":[{"href":"https:\/\/encuentroinformativo.com.mx\/index.php?rest_route=%2Fwp%2Fv2%2Fmedia&parent=14984"}],"wp:term":[{"taxonomy":"category","embeddable":true,"href":"https:\/\/encuentroinformativo.com.mx\/index.php?rest_route=%2Fwp%2Fv2%2Fcategories&post=14984"},{"taxonomy":"post_tag","embeddable":true,"href":"https:\/\/encuentroinformativo.com.mx\/index.php?rest_route=%2Fwp%2Fv2%2Ftags&post=14984"}],"curies":[{"name":"wp","href":"https:\/\/api.w.org\/{rel}","templated":true}]}}