{"id":14993,"date":"2021-06-07T18:15:07","date_gmt":"2021-06-07T23:15:07","guid":{"rendered":"https:\/\/encuentroinformativo.com.mx\/?p=14993"},"modified":"2021-06-07T18:15:11","modified_gmt":"2021-06-07T23:15:11","slug":"habitantes-toman-ayuntamiento-de-tlalixcoyan","status":"publish","type":"post","link":"https:\/\/encuentroinformativo.com.mx\/?p=14993","title":{"rendered":"Habitantes toman Ayuntamiento de Tlalixcoyan"},"content":{"rendered":"\n<p><strong>Alejandro \u00c1vila<\/strong><\/p>\n\n\n\n<p>Tlalixcoyan, Ver.- Ciudadanos del municipio de Tlalixcoyan mantienen tomado el Palacio, pues exigen el alcalde Agust\u00edn &#8220;Guty&#8221; Lagunes, les explique que sucedio con la obra de limpieza del r\u00edo en la cabecera municipal.<\/p>\n\n\n\n<p>Durante la \u00e9poca de campa\u00f1a, fue filtrado un audio, donde el ciudadano, Juan Lara Romero &#8220;Juanito&#8221;, habla con &#8220;Guty&#8221; Lagunes y le expone que hay gente incoforme con su gesti\u00f3n, pues afirman lo apoyaron en su momento y les qued\u00f3 mal.<\/p>\n\n\n\n<p>Con anteridad, hab\u00edan sido denunciadas dos obras en la localidad de Piedras Negras, que el Ayuntamiento report\u00f3 como terminadas, pero al acudir la ciudadan\u00eda al sitio, esta nisiquiera se hab\u00edan hecho; una de ellas, la presunta creaci\u00f3n de un estacionamiento en el Pante\u00f3n de la comunidad.<\/p>\n\n\n\n<p>En el audio, se escucha a &#8220;Juanito&#8221; preguntar que fue del mill\u00f3n y medio de pesos que habr\u00eda solicitado &#8220;Guty&#8221; Lagunes para la limpieza del r\u00edo, en el tramo entre dos puentes de la cabecera municipal, el edil panista le informa que por la veda electoral no puede dar informaci\u00f3n, pero el d\u00eda 7 de junio, con gusto detallar\u00eda todo.<\/p>\n\n\n\n<p>&#8220;Ahorita tengo que cuidad la veda electoral, sino creemelo que lo har\u00eda, no tengo nada que esconder, adem\u00e1s ah\u00ed est\u00e1 en el ORFIS la situaci\u00f3n. Est\u00e1 parada la obra que se invirtio ah\u00ed, est\u00e1 cancelado, el recurdo no se ejecut\u00f3, porque nos dijo que no se pod\u00eda ejecutar recursos del ramo 033 a la rehabilitaci\u00f3n del r\u00edo, no lo puedo hacer p\u00fablico por la veda electoral&#8221;, se\u00f1ala el presidente municipal, a quien le refuta &#8220;Juanito&#8221;, &#8220;yo creo que para rendir cuentas, en cualquier momento las puedes dar&#8221;.<\/p>\n\n\n\n<p>Para rematar, &#8220;Juanito&#8221; le se\u00f1ala que sabe la maquinaria utilizada es propiedad del municipio, adem\u00e1s de que les pag\u00f3 300 pesos diarios, por una semana, a los pescadores de la zona para la &#8220;limpieza&#8221;, por lo que le exigen conocer el monto reportado ante el Tesorer\u00eda.<\/p>\n\n\n\n<p>Esta charla sucedio durante el mes de campa\u00f1as, pero este lunes 7 de junio, &#8220;Juanito&#8221; volvi\u00f3 a hablarle al alcalde, &#8220;Guty&#8221; Lagunes, pues el plazo se hab\u00eda cumplido, y se filtr\u00f3 el audio de la nueva conversaci\u00f3n, donde los inconformes exigen respuesta, y el edil panista &#8220;les da la vuelta&#8221;.<\/p>\n\n\n\n<ul class=\"wp-block-list\"><li>Guty, la verdad no es cosa mia, la verdad tengo un grupo de gente aqu\u00ed en mi casa, hay como 10 personas, que quieren, que me han estado llamando que hoy quedaste y prometiste y juraste que nos ibas a aclarar y quieren que nos aclades hoy. Queremos que si por favor puedes venir hoy al Ayuntamiento para que nos recibas.<\/li><li>Yo te confirmo si voy, Juan.<\/li><li>Guty, a la hora que sea posible pero que sea hoy.<\/li><\/ul>\n\n\n\n<p>La respuesta evasiva del alcalde panista, desat\u00f3 la furia de quien se presume es un empleado del ex alcalde panista, Carlos &#8220;La Bala&#8221; Triana, por lo que en conjunto con otros ciudadanos se unieron para tomar el Palacio Municipal.<\/p>\n","protected":false},"excerpt":{"rendered":"<p>Alejandro \u00c1vila Tlalixcoyan, Ver.- Ciudadanos del municipio de Tlalixcoyan mantienen tomado el Palacio, pues exigen el alcalde Agust\u00edn &#8220;Guty&#8221; Lagunes, les explique que sucedio con la obra de limpieza del r\u00edo en la cabecera municipal. Durante la \u00e9poca de campa\u00f1a, fue filtrado un audio, donde el ciudadano, Juan Lara Romero &#8220;Juanito&#8221;, habla con &#8220;Guty&#8221; Lagunes [&hellip;]<\/p>\n","protected":false},"author":1,"featured_media":14994,"comment_status":"open","ping_status":"open","sticky":false,"template":"","format":"standard","meta":{"_jetpack_memberships_contains_paid_content":false,"footnotes":""},"categories":[2],"tags":[],"class_list":["post-14993","post","type-post","status-publish","format-standard","has-post-thumbnail","hentry","category-estado"],"jetpack_featured_media_url":"https:\/\/encuentroinformativo.com.mx\/wp-content\/uploads\/2021\/06\/54A125F6-84EE-4D4D-BCEF-ACC7EC5A551D.jpeg","jetpack_sharing_enabled":true,"jetpack_likes_enabled":true,"amp_enabled":true,"_links":{"self":[{"href":"https:\/\/encuentroinformativo.com.mx\/index.php?rest_route=\/wp\/v2\/posts\/14993","targetHints":{"allow":["GET"]}}],"collection":[{"href":"https:\/\/encuentroinformativo.com.mx\/index.php?rest_route=\/wp\/v2\/posts"}],"about":[{"href":"https:\/\/encuentroinformativo.com.mx\/index.php?rest_route=\/wp\/v2\/types\/post"}],"author":[{"embeddable":true,"href":"https:\/\/encuentroinformativo.com.mx\/index.php?rest_route=\/wp\/v2\/users\/1"}],"replies":[{"embeddable":true,"href":"https:\/\/encuentroinformativo.com.mx\/index.php?rest_route=%2Fwp%2Fv2%2Fcomments&post=14993"}],"version-history":[{"count":1,"href":"https:\/\/encuentroinformativo.com.mx\/index.php?rest_route=\/wp\/v2\/posts\/14993\/revisions"}],"predecessor-version":[{"id":14995,"href":"https:\/\/encuentroinformativo.com.mx\/index.php?rest_route=\/wp\/v2\/posts\/14993\/revisions\/14995"}],"wp:featuredmedia":[{"embeddable":true,"href":"https:\/\/encuentroinformativo.com.mx\/index.php?rest_route=\/wp\/v2\/media\/14994"}],"wp:attachment":[{"href":"https:\/\/encuentroinformativo.com.mx\/index.php?rest_route=%2Fwp%2Fv2%2Fmedia&parent=14993"}],"wp:term":[{"taxonomy":"category","embeddable":true,"href":"https:\/\/encuentroinformativo.com.mx\/index.php?rest_route=%2Fwp%2Fv2%2Fcategories&post=14993"},{"taxonomy":"post_tag","embeddable":true,"href":"https:\/\/encuentroinformativo.com.mx\/index.php?rest_route=%2Fwp%2Fv2%2Ftags&post=14993"}],"curies":[{"name":"wp","href":"https:\/\/api.w.org\/{rel}","templated":true}]}}